{"id":49831,"date":"2024-04-19T08:08:11","date_gmt":"2024-04-19T11:08:11","guid":{"rendered":"https:\/\/www.anamt.org.br\/portal\/?p=49831"},"modified":"2024-05-16T15:25:59","modified_gmt":"2024-05-16T18:25:59","slug":"anamt-participa-de-seminario-da-sociedad-paraguaya-de-medicina-del-trabajo","status":"publish","type":"post","link":"https:\/\/www.anamt.org.br\/portal\/2024\/04\/19\/anamt-participa-de-seminario-da-sociedad-paraguaya-de-medicina-del-trabajo\/","title":{"rendered":"ANAMT participa de semin\u00e1rio da Sociedad Paraguaya de Medicina del Trabajo"},"content":{"rendered":"<p>No dia 23 de abril, Dr. Ruddy Facci, assessor da Presid\u00eancia da ANAMT com participa\u00e7\u00e3o de consultor do Presidente, participar\u00e1 do Seminario Relacionamiento Del M\u00e9dico Del Trabajo Con Especialidades Asistenciales; Competencias e Inter Referencias, realizado pela Sociedad Paraguaya de Medicina del Trabajo.<\/p>\n<p>Tamb\u00e9m estar\u00e3o no evento Dr. Plinio Calvento, presidente da Sociedad de Medicina del Trabajo de Buenos Aires, e Dr. Javier G\u00f3mez Silva, s\u00f3cio fundador e vice-presidente da Sociedad Paraguaya de Medicina del Trabajo.<\/p>\n<p>O evento \u00e9 virtual e ser\u00e1 transmitido pela plataforma Zoom. Mais informa\u00e7\u00f5es, no <a href=\"https:\/\/sociedad-de-medicina-del-trabajo.webnode.es\/\" target=\"_blank\" rel=\"noopener\">site da entidade<\/a>.<\/p>\n<p><img decoding=\"async\" class=\"aligncenter wp-image-49832 size-fusion-600\" src=\"https:\/\/www.anamt.org.br\/portal\/wp-content\/uploads\/2024\/04\/WhatsApp-Image-2024-04-18-at-14.23.51-600x600.jpeg\" alt=\"\" width=\"600\" height=\"600\" srcset=\"https:\/\/www.anamt.org.br\/portal\/wp-content\/uploads\/2024\/04\/WhatsApp-Image-2024-04-18-at-14.23.51-66x66.jpeg 66w, https:\/\/www.anamt.org.br\/portal\/wp-content\/uploads\/2024\/04\/WhatsApp-Image-2024-04-18-at-14.23.51-150x150.jpeg 150w, https:\/\/www.anamt.org.br\/portal\/wp-content\/uploads\/2024\/04\/WhatsApp-Image-2024-04-18-at-14.23.51-200x200.jpeg 200w, https:\/\/www.anamt.org.br\/portal\/wp-content\/uploads\/2024\/04\/WhatsApp-Image-2024-04-18-at-14.23.51-300x300.jpeg 300w, https:\/\/www.anamt.org.br\/portal\/wp-content\/uploads\/2024\/04\/WhatsApp-Image-2024-04-18-at-14.23.51-400x400.jpeg 400w, https:\/\/www.anamt.org.br\/portal\/wp-content\/uploads\/2024\/04\/WhatsApp-Image-2024-04-18-at-14.23.51-600x600.jpeg 600w, https:\/\/www.anamt.org.br\/portal\/wp-content\/uploads\/2024\/04\/WhatsApp-Image-2024-04-18-at-14.23.51-768x768.jpeg 768w, https:\/\/www.anamt.org.br\/portal\/wp-content\/uploads\/2024\/04\/WhatsApp-Image-2024-04-18-at-14.23.51-800x800.jpeg 800w, https:\/\/www.anamt.org.br\/portal\/wp-content\/uploads\/2024\/04\/WhatsApp-Image-2024-04-18-at-14.23.51-1024x1024.jpeg 1024w, https:\/\/www.anamt.org.br\/portal\/wp-content\/uploads\/2024\/04\/WhatsApp-Image-2024-04-18-at-14.23.51.jpeg 1080w\" sizes=\"(max-width: 600px) 100vw, 600px\" \/><\/p>\n","protected":false},"excerpt":{"rendered":"<p>No dia 23 de abril, Dr. Ruddy Facci, assessor da Presid\u00eancia da ANAMT com participa\u00e7\u00e3o de consultor do Presidente, participar\u00e1 do Seminario Relacionamiento Del M\u00e9dico Del Trabajo Con Especialidades Asistenciales; Competencias e Inter Referencias, realizado pela Sociedad Paraguaya de Medicina del Trabajo. Tamb\u00e9m estar\u00e3o no evento Dr. Plinio Calvento, presidente da Sociedad de Medicina del [&hellip;]<\/p>\n","protected":false},"author":5,"featured_media":49833,"comment_status":"closed","ping_status":"closed","sticky":false,"template":"","format":"standard","meta":{"footnotes":""},"categories":[78,189,77,8],"tags":[],"_links":{"self":[{"href":"https:\/\/www.anamt.org.br\/portal\/wp-json\/wp\/v2\/posts\/49831"}],"collection":[{"href":"https:\/\/www.anamt.org.br\/portal\/wp-json\/wp\/v2\/posts"}],"about":[{"href":"https:\/\/www.anamt.org.br\/portal\/wp-json\/wp\/v2\/types\/post"}],"author":[{"embeddable":true,"href":"https:\/\/www.anamt.org.br\/portal\/wp-json\/wp\/v2\/users\/5"}],"replies":[{"embeddable":true,"href":"https:\/\/www.anamt.org.br\/portal\/wp-json\/wp\/v2\/comments?post=49831"}],"version-history":[{"count":1,"href":"https:\/\/www.anamt.org.br\/portal\/wp-json\/wp\/v2\/posts\/49831\/revisions"}],"predecessor-version":[{"id":49834,"href":"https:\/\/www.anamt.org.br\/portal\/wp-json\/wp\/v2\/posts\/49831\/revisions\/49834"}],"wp:featuredmedia":[{"embeddable":true,"href":"https:\/\/www.anamt.org.br\/portal\/wp-json\/wp\/v2\/media\/49833"}],"wp:attachment":[{"href":"https:\/\/www.anamt.org.br\/portal\/wp-json\/wp\/v2\/media?parent=49831"}],"wp:term":[{"taxonomy":"category","embeddable":true,"href":"https:\/\/www.anamt.org.br\/portal\/wp-json\/wp\/v2\/categories?post=49831"},{"taxonomy":"post_tag","embeddable":true,"href":"https:\/\/www.anamt.org.br\/portal\/wp-json\/wp\/v2\/tags?post=49831"}],"curies":[{"name":"wp","href":"https:\/\/api.w.org\/{rel}","templated":true}]}}