{"id":49822,"date":"2024-04-18T10:11:32","date_gmt":"2024-04-18T13:11:32","guid":{"rendered":"https:\/\/www.anamt.org.br\/portal\/?p=49822"},"modified":"2024-04-19T15:42:30","modified_gmt":"2024-04-19T18:42:30","slug":"anamt-assina-acordo-de-cooperacao-com-abergo-e-abresst","status":"publish","type":"post","link":"https:\/\/www.anamt.org.br\/portal\/2024\/04\/18\/anamt-assina-acordo-de-cooperacao-com-abergo-e-abresst\/","title":{"rendered":"ANAMT assina acordo de coopera\u00e7\u00e3o com Abergo e ABRESST"},"content":{"rendered":"<p><img decoding=\"async\" class=\"aligncenter wp-image-49835 size-fusion-600\" src=\"https:\/\/www.anamt.org.br\/portal\/wp-content\/uploads\/2024\/04\/WhatsApp-Image-2024-04-19-at-00.47.13-600x237.jpeg\" alt=\"\" width=\"600\" height=\"237\" srcset=\"https:\/\/www.anamt.org.br\/portal\/wp-content\/uploads\/2024\/04\/WhatsApp-Image-2024-04-19-at-00.47.13-200x79.jpeg 200w, https:\/\/www.anamt.org.br\/portal\/wp-content\/uploads\/2024\/04\/WhatsApp-Image-2024-04-19-at-00.47.13-300x118.jpeg 300w, https:\/\/www.anamt.org.br\/portal\/wp-content\/uploads\/2024\/04\/WhatsApp-Image-2024-04-19-at-00.47.13-400x158.jpeg 400w, https:\/\/www.anamt.org.br\/portal\/wp-content\/uploads\/2024\/04\/WhatsApp-Image-2024-04-19-at-00.47.13-600x237.jpeg 600w, https:\/\/www.anamt.org.br\/portal\/wp-content\/uploads\/2024\/04\/WhatsApp-Image-2024-04-19-at-00.47.13-768x303.jpeg 768w, https:\/\/www.anamt.org.br\/portal\/wp-content\/uploads\/2024\/04\/WhatsApp-Image-2024-04-19-at-00.47.13-800x316.jpeg 800w, https:\/\/www.anamt.org.br\/portal\/wp-content\/uploads\/2024\/04\/WhatsApp-Image-2024-04-19-at-00.47.13-1024x404.jpeg 1024w, https:\/\/www.anamt.org.br\/portal\/wp-content\/uploads\/2024\/04\/WhatsApp-Image-2024-04-19-at-00.47.13-1200x473.jpeg 1200w, https:\/\/www.anamt.org.br\/portal\/wp-content\/uploads\/2024\/04\/WhatsApp-Image-2024-04-19-at-00.47.13-1536x606.jpeg 1536w, https:\/\/www.anamt.org.br\/portal\/wp-content\/uploads\/2024\/04\/WhatsApp-Image-2024-04-19-at-00.47.13.jpeg 1600w\" sizes=\"(max-width: 600px) 100vw, 600px\" \/><\/p>\n<p>Nesta quarta (17), em S\u00e3o Paulo (SP), a ANAMT assinou um Acordo de Coopera\u00e7\u00e3o com a Associa\u00e7\u00e3o Brasileira de Ergonomia e Fatores Humanos (Abergo) e a Associa\u00e7\u00e3o Brasileira de Empresas de Sa\u00fade e Seguran\u00e7a no Trabalho (ABRESST). Al\u00e9m do presidente da ANAMT, Dr. Francisco Fernandes, participaram a presidente da Abergo, Lucy Mara Ba\u00fa, e Dr. Ricardo Pacheco, presidente da ABRESST.<\/p>\n<p>O acordo objetiva que as entidades assinantes unam esfor\u00e7os com o objetivo de implementar programas e a\u00e7\u00f5es nacionais e regionais na \u00e1rea de ergonomia e recursos humanos.<\/p>\n<p><img decoding=\"async\" class=\"aligncenter wp-image-49839 size-fusion-600\" src=\"https:\/\/www.anamt.org.br\/portal\/wp-content\/uploads\/2024\/04\/WhatsApp-Image-2024-04-19-at-00.47.14-3-600x338.jpeg\" alt=\"\" width=\"600\" height=\"338\" srcset=\"https:\/\/www.anamt.org.br\/portal\/wp-content\/uploads\/2024\/04\/WhatsApp-Image-2024-04-19-at-00.47.14-3-200x113.jpeg 200w, https:\/\/www.anamt.org.br\/portal\/wp-content\/uploads\/2024\/04\/WhatsApp-Image-2024-04-19-at-00.47.14-3-300x169.jpeg 300w, https:\/\/www.anamt.org.br\/portal\/wp-content\/uploads\/2024\/04\/WhatsApp-Image-2024-04-19-at-00.47.14-3-400x225.jpeg 400w, https:\/\/www.anamt.org.br\/portal\/wp-content\/uploads\/2024\/04\/WhatsApp-Image-2024-04-19-at-00.47.14-3-600x338.jpeg 600w, https:\/\/www.anamt.org.br\/portal\/wp-content\/uploads\/2024\/04\/WhatsApp-Image-2024-04-19-at-00.47.14-3-768x432.jpeg 768w, https:\/\/www.anamt.org.br\/portal\/wp-content\/uploads\/2024\/04\/WhatsApp-Image-2024-04-19-at-00.47.14-3-800x450.jpeg 800w, https:\/\/www.anamt.org.br\/portal\/wp-content\/uploads\/2024\/04\/WhatsApp-Image-2024-04-19-at-00.47.14-3-1024x576.jpeg 1024w, https:\/\/www.anamt.org.br\/portal\/wp-content\/uploads\/2024\/04\/WhatsApp-Image-2024-04-19-at-00.47.14-3-1200x675.jpeg 1200w, https:\/\/www.anamt.org.br\/portal\/wp-content\/uploads\/2024\/04\/WhatsApp-Image-2024-04-19-at-00.47.14-3-1536x864.jpeg 1536w, https:\/\/www.anamt.org.br\/portal\/wp-content\/uploads\/2024\/04\/WhatsApp-Image-2024-04-19-at-00.47.14-3.jpeg 1600w\" sizes=\"(max-width: 600px) 100vw, 600px\" \/><\/p>\n<p><img decoding=\"async\" class=\"aligncenter wp-image-49838 size-fusion-600\" src=\"https:\/\/www.anamt.org.br\/portal\/wp-content\/uploads\/2024\/04\/WhatsApp-Image-2024-04-19-at-00.47.14-4-600x338.jpeg\" alt=\"\" width=\"600\" height=\"338\" srcset=\"https:\/\/www.anamt.org.br\/portal\/wp-content\/uploads\/2024\/04\/WhatsApp-Image-2024-04-19-at-00.47.14-4-200x113.jpeg 200w, https:\/\/www.anamt.org.br\/portal\/wp-content\/uploads\/2024\/04\/WhatsApp-Image-2024-04-19-at-00.47.14-4-300x169.jpeg 300w, https:\/\/www.anamt.org.br\/portal\/wp-content\/uploads\/2024\/04\/WhatsApp-Image-2024-04-19-at-00.47.14-4-400x225.jpeg 400w, https:\/\/www.anamt.org.br\/portal\/wp-content\/uploads\/2024\/04\/WhatsApp-Image-2024-04-19-at-00.47.14-4-600x338.jpeg 600w, https:\/\/www.anamt.org.br\/portal\/wp-content\/uploads\/2024\/04\/WhatsApp-Image-2024-04-19-at-00.47.14-4-768x432.jpeg 768w, https:\/\/www.anamt.org.br\/portal\/wp-content\/uploads\/2024\/04\/WhatsApp-Image-2024-04-19-at-00.47.14-4-800x450.jpeg 800w, https:\/\/www.anamt.org.br\/portal\/wp-content\/uploads\/2024\/04\/WhatsApp-Image-2024-04-19-at-00.47.14-4-1024x576.jpeg 1024w, https:\/\/www.anamt.org.br\/portal\/wp-content\/uploads\/2024\/04\/WhatsApp-Image-2024-04-19-at-00.47.14-4-1200x675.jpeg 1200w, https:\/\/www.anamt.org.br\/portal\/wp-content\/uploads\/2024\/04\/WhatsApp-Image-2024-04-19-at-00.47.14-4-1536x864.jpeg 1536w, https:\/\/www.anamt.org.br\/portal\/wp-content\/uploads\/2024\/04\/WhatsApp-Image-2024-04-19-at-00.47.14-4.jpeg 1600w\" sizes=\"(max-width: 600px) 100vw, 600px\" \/><\/p>\n<p><img decoding=\"async\" class=\"aligncenter wp-image-49837 size-fusion-600\" src=\"https:\/\/www.anamt.org.br\/portal\/wp-content\/uploads\/2024\/04\/WhatsApp-Image-2024-04-19-at-00.47.15-600x598.jpeg\" alt=\"\" width=\"600\" height=\"598\" srcset=\"https:\/\/www.anamt.org.br\/portal\/wp-content\/uploads\/2024\/04\/WhatsApp-Image-2024-04-19-at-00.47.15-66x66.jpeg 66w, https:\/\/www.anamt.org.br\/portal\/wp-content\/uploads\/2024\/04\/WhatsApp-Image-2024-04-19-at-00.47.15-150x150.jpeg 150w, https:\/\/www.anamt.org.br\/portal\/wp-content\/uploads\/2024\/04\/WhatsApp-Image-2024-04-19-at-00.47.15-200x199.jpeg 200w, https:\/\/www.anamt.org.br\/portal\/wp-content\/uploads\/2024\/04\/WhatsApp-Image-2024-04-19-at-00.47.15-300x300.jpeg 300w, https:\/\/www.anamt.org.br\/portal\/wp-content\/uploads\/2024\/04\/WhatsApp-Image-2024-04-19-at-00.47.15-400x399.jpeg 400w, https:\/\/www.anamt.org.br\/portal\/wp-content\/uploads\/2024\/04\/WhatsApp-Image-2024-04-19-at-00.47.15-600x598.jpeg 600w, https:\/\/www.anamt.org.br\/portal\/wp-content\/uploads\/2024\/04\/WhatsApp-Image-2024-04-19-at-00.47.15-768x765.jpeg 768w, https:\/\/www.anamt.org.br\/portal\/wp-content\/uploads\/2024\/04\/WhatsApp-Image-2024-04-19-at-00.47.15-800x797.jpeg 800w, https:\/\/www.anamt.org.br\/portal\/wp-content\/uploads\/2024\/04\/WhatsApp-Image-2024-04-19-at-00.47.15-1024x1020.jpeg 1024w, https:\/\/www.anamt.org.br\/portal\/wp-content\/uploads\/2024\/04\/WhatsApp-Image-2024-04-19-at-00.47.15.jpeg 1084w\" sizes=\"(max-width: 600px) 100vw, 600px\" \/><\/p>\n<blockquote class=\"instagram-media\" style=\"background: #FFF; border: 0; border-radius: 3px; box-shadow: 0 0 1px 0 rgba(0,0,0,0.5),0 1px 10px 0 rgba(0,0,0,0.15); margin: 1px; max-width: 540px; min-width: 326px; padding: 0; width: calc(100% - 2px);\" data-instgrm-captioned=\"\" data-instgrm-permalink=\"https:\/\/www.instagram.com\/reel\/C55wfAsLWgY\/?utm_source=ig_embed&amp;utm_campaign=loading\" data-instgrm-version=\"14\">\n<div style=\"padding: 16px;\">\n<p>&nbsp;<\/p>\n<div style=\"display: flex; flex-direction: row; align-items: center;\">\n<div style=\"background-color: #f4f4f4; border-radius: 50%; flex-grow: 0; height: 40px; margin-right: 14px; width: 40px;\"><\/div>\n<div style=\"display: flex; flex-direction: column; flex-grow: 1; justify-content: center;\">\n<div style=\"background-color: #f4f4f4; border-radius: 4px; flex-grow: 0; height: 14px; margin-bottom: 6px; width: 100px;\"><\/div>\n<div style=\"background-color: #f4f4f4; border-radius: 4px; flex-grow: 0; height: 14px; width: 60px;\"><\/div>\n<\/div>\n<\/div>\n<div style=\"padding: 19% 0;\"><\/div>\n<div style=\"display: block; height: 50px; margin: 0 auto 12px; width: 50px;\"><\/div>\n<div style=\"padding-top: 8px;\">\n<div style=\"color: #3897f0; font-family: Arial,sans-serif; font-size: 14px; font-style: normal; font-weight: 550; line-height: 18px;\">Ver essa foto no Instagram<\/div>\n<\/div>\n<div style=\"padding: 12.5% 0;\"><\/div>\n<div style=\"display: flex; flex-direction: row; margin-bottom: 14px; align-items: center;\">\n<div>\n<div style=\"background-color: #f4f4f4; border-radius: 50%; height: 12.5px; width: 12.5px; transform: translateX(0px) translateY(7px);\"><\/div>\n<div style=\"background-color: #f4f4f4; height: 12.5px; transform: rotate(-45deg) translateX(3px) translateY(1px); width: 12.5px; flex-grow: 0; margin-right: 14px; margin-left: 2px;\"><\/div>\n<div style=\"background-color: #f4f4f4; border-radius: 50%; height: 12.5px; width: 12.5px; transform: translateX(9px) translateY(-18px);\"><\/div>\n<\/div>\n<div style=\"margin-left: 8px;\">\n<div style=\"background-color: #f4f4f4; border-radius: 50%; flex-grow: 0; height: 20px; width: 20px;\"><\/div>\n<div style=\"width: 0; height: 0; border-top: 2px solid transparent; border-left: 6px solid #f4f4f4; border-bottom: 2px solid transparent; transform: translateX(16px) translateY(-4px) rotate(30deg);\"><\/div>\n<\/div>\n<div style=\"margin-left: auto;\">\n<div style=\"width: 0px; border-top: 8px solid #F4F4F4; border-right: 8px solid transparent; transform: translateY(16px);\"><\/div>\n<div style=\"background-color: #f4f4f4; flex-grow: 0; height: 12px; width: 16px; transform: translateY(-4px);\"><\/div>\n<div style=\"width: 0; height: 0; border-top: 8px solid #F4F4F4; border-left: 8px solid transparent; transform: translateY(-4px) translateX(8px);\"><\/div>\n<\/div>\n<\/div>\n<div style=\"display: flex; flex-direction: column; flex-grow: 1; justify-content: center; margin-bottom: 24px;\">\n<div style=\"background-color: #f4f4f4; border-radius: 4px; flex-grow: 0; height: 14px; margin-bottom: 6px; width: 224px;\"><\/div>\n<div style=\"background-color: #f4f4f4; border-radius: 4px; flex-grow: 0; height: 14px; width: 144px;\"><\/div>\n<\/div>\n<p>&nbsp;<\/p>\n<p style=\"color: #c9c8cd; font-family: Arial,sans-serif; font-size: 14px; line-height: 17px; margin-bottom: 0; margin-top: 8px; overflow: hidden; padding: 8px 0 7px; text-align: center; text-overflow: ellipsis; white-space: nowrap;\"><a style=\"color: #c9c8cd; font-family: Arial,sans-serif; font-size: 14px; font-style: normal; font-weight: normal; line-height: 17px; text-decoration: none;\" href=\"https:\/\/www.instagram.com\/reel\/C55wfAsLWgY\/?utm_source=ig_embed&amp;utm_campaign=loading\" target=\"_blank\" rel=\"noopener\">Uma publica\u00e7\u00e3o compartilhada por ABERGO \u2013 Associa\u00e7\u00e3o Brasileira de Ergonomia e Fatores Humanos (@abergo_oficial)<\/a><\/p>\n<\/div>\n<\/blockquote>\n<p><script async src=\"\/\/www.instagram.com\/embed.js\"><\/script><\/p>\n","protected":false},"excerpt":{"rendered":"<p>Nesta quarta (17), em S\u00e3o Paulo (SP), a ANAMT assinou um Acordo de Coopera\u00e7\u00e3o com a Associa\u00e7\u00e3o Brasileira de Ergonomia e Fatores Humanos (Abergo) e a Associa\u00e7\u00e3o Brasileira de Empresas de Sa\u00fade e Seguran\u00e7a no Trabalho (ABRESST). Al\u00e9m do presidente da ANAMT, Dr. Francisco Fernandes, participaram a presidente da Abergo, Lucy Mara Ba\u00fa, e Dr. [&hellip;]<\/p>\n","protected":false},"author":5,"featured_media":49823,"comment_status":"closed","ping_status":"closed","sticky":false,"template":"","format":"standard","meta":{"footnotes":""},"categories":[77,8],"tags":[],"_links":{"self":[{"href":"https:\/\/www.anamt.org.br\/portal\/wp-json\/wp\/v2\/posts\/49822"}],"collection":[{"href":"https:\/\/www.anamt.org.br\/portal\/wp-json\/wp\/v2\/posts"}],"about":[{"href":"https:\/\/www.anamt.org.br\/portal\/wp-json\/wp\/v2\/types\/post"}],"author":[{"embeddable":true,"href":"https:\/\/www.anamt.org.br\/portal\/wp-json\/wp\/v2\/users\/5"}],"replies":[{"embeddable":true,"href":"https:\/\/www.anamt.org.br\/portal\/wp-json\/wp\/v2\/comments?post=49822"}],"version-history":[{"count":1,"href":"https:\/\/www.anamt.org.br\/portal\/wp-json\/wp\/v2\/posts\/49822\/revisions"}],"predecessor-version":[{"id":49861,"href":"https:\/\/www.anamt.org.br\/portal\/wp-json\/wp\/v2\/posts\/49822\/revisions\/49861"}],"wp:featuredmedia":[{"embeddable":true,"href":"https:\/\/www.anamt.org.br\/portal\/wp-json\/wp\/v2\/media\/49823"}],"wp:attachment":[{"href":"https:\/\/www.anamt.org.br\/portal\/wp-json\/wp\/v2\/media?parent=49822"}],"wp:term":[{"taxonomy":"category","embeddable":true,"href":"https:\/\/www.anamt.org.br\/portal\/wp-json\/wp\/v2\/categories?post=49822"},{"taxonomy":"post_tag","embeddable":true,"href":"https:\/\/www.anamt.org.br\/portal\/wp-json\/wp\/v2\/tags?post=49822"}],"curies":[{"name":"wp","href":"https:\/\/api.w.org\/{rel}","templated":true}]}}