{"id":49806,"date":"2024-04-12T09:40:27","date_gmt":"2024-04-12T12:40:27","guid":{"rendered":"https:\/\/www.anamt.org.br\/portal\/?p=49806"},"modified":"2024-04-12T09:40:27","modified_gmt":"2024-04-12T12:40:27","slug":"webinarios-anamt-nova-edicao-aborda-alergia-e-asma-ocupacional","status":"publish","type":"post","link":"https:\/\/www.anamt.org.br\/portal\/2024\/04\/12\/webinarios-anamt-nova-edicao-aborda-alergia-e-asma-ocupacional\/","title":{"rendered":"Webin\u00e1rios ANAMT: nova edi\u00e7\u00e3o aborda Alergia e Asma Ocupacional"},"content":{"rendered":"<p>No dia 16 de abril, a ANAMT realizar\u00e1 uma nova edi\u00e7\u00e3o do Webin\u00e1rios ANAMT, \u00e0s 20h. A transmiss\u00e3o abordar\u00e1 o tema Alergia e Asma (Ocupacional). Participar\u00e1 Dra. Marta Guidacci, alergologista e imunologista.<\/p>\n<p>A coordena\u00e7\u00e3o ser\u00e1 da diretora de Legisla\u00e7\u00e3o da ANAMT, Dra. Gilvana Campos. O acesso \u00e0 ANAMT Virtual \u00e9 um benef\u00edcio exclusivo de todos os associados adimplentes da entidade. Para acompanhar, acesse: <a href=\"http:\/\/anamt.virtual.org.br\" target=\"_blank\" rel=\"noopener\">anamt.virtual.org.br<\/a>.<\/p>\n","protected":false},"excerpt":{"rendered":"<p>No dia 16 de abril, a ANAMT realizar\u00e1 uma nova edi\u00e7\u00e3o do Webin\u00e1rios ANAMT, \u00e0s 20h. A transmiss\u00e3o abordar\u00e1 o tema Alergia e Asma (Ocupacional). Participar\u00e1 Dra. Marta Guidacci, alergologista e imunologista. A coordena\u00e7\u00e3o ser\u00e1 da diretora de Legisla\u00e7\u00e3o da ANAMT, Dra. Gilvana Campos. O acesso \u00e0 ANAMT Virtual \u00e9 um benef\u00edcio exclusivo de todos [&hellip;]<\/p>\n","protected":false},"author":5,"featured_media":48059,"comment_status":"closed","ping_status":"closed","sticky":false,"template":"","format":"standard","meta":{"footnotes":""},"categories":[77,8],"tags":[],"_links":{"self":[{"href":"https:\/\/www.anamt.org.br\/portal\/wp-json\/wp\/v2\/posts\/49806"}],"collection":[{"href":"https:\/\/www.anamt.org.br\/portal\/wp-json\/wp\/v2\/posts"}],"about":[{"href":"https:\/\/www.anamt.org.br\/portal\/wp-json\/wp\/v2\/types\/post"}],"author":[{"embeddable":true,"href":"https:\/\/www.anamt.org.br\/portal\/wp-json\/wp\/v2\/users\/5"}],"replies":[{"embeddable":true,"href":"https:\/\/www.anamt.org.br\/portal\/wp-json\/wp\/v2\/comments?post=49806"}],"version-history":[{"count":1,"href":"https:\/\/www.anamt.org.br\/portal\/wp-json\/wp\/v2\/posts\/49806\/revisions"}],"predecessor-version":[{"id":49807,"href":"https:\/\/www.anamt.org.br\/portal\/wp-json\/wp\/v2\/posts\/49806\/revisions\/49807"}],"wp:featuredmedia":[{"embeddable":true,"href":"https:\/\/www.anamt.org.br\/portal\/wp-json\/wp\/v2\/media\/48059"}],"wp:attachment":[{"href":"https:\/\/www.anamt.org.br\/portal\/wp-json\/wp\/v2\/media?parent=49806"}],"wp:term":[{"taxonomy":"category","embeddable":true,"href":"https:\/\/www.anamt.org.br\/portal\/wp-json\/wp\/v2\/categories?post=49806"},{"taxonomy":"post_tag","embeddable":true,"href":"https:\/\/www.anamt.org.br\/portal\/wp-json\/wp\/v2\/tags?post=49806"}],"curies":[{"name":"wp","href":"https:\/\/api.w.org\/{rel}","templated":true}]}}