{"id":49797,"date":"2024-04-08T16:41:51","date_gmt":"2024-04-08T19:41:51","guid":{"rendered":"https:\/\/www.anamt.org.br\/portal\/?p=49797"},"modified":"2024-04-08T16:41:51","modified_gmt":"2024-04-08T19:41:51","slug":"abril-verde-da-inicio-a-campanha-nacional-de-prevencao-de-acidentes-de-trabalho","status":"publish","type":"post","link":"https:\/\/www.anamt.org.br\/portal\/2024\/04\/08\/abril-verde-da-inicio-a-campanha-nacional-de-prevencao-de-acidentes-de-trabalho\/","title":{"rendered":"Abril Verde d\u00e1 in\u00edcio \u00e0 Campanha Nacional de Preven\u00e7\u00e3o de Acidentes de Trabalho"},"content":{"rendered":"<p>A Campanha Nacional de Preven\u00e7\u00e3o de Acidentes do Trabalho \u00e9 um conjunto de a\u00e7\u00f5es de cunho prevencionista promovida pela Inspe\u00e7\u00e3o do Trabalho no Brasil.<\/p>\n<p>A ideia da a\u00e7\u00e3o \u00e9, justamente, ajudar a implantar uma cultura em preven\u00e7\u00e3o de acidentes e doen\u00e7as do trabalho em nosso pa\u00eds.<\/p>\n<p>Para falar desse assunto, convidamos Dra Gilvana Campos, diretora de Legisla\u00e7\u00e3o da Associa\u00e7\u00e3o Nacional de Medicina do Trabalho (ANAMT).<\/p>\n<p>Clique <a href=\"https:\/\/radios.ebc.com.br\/revista-brasilia\/2024\/04\/abril-verde-campanha-nacional-de-prevencao-de-acidentes-de-trabalho\" target=\"_blank\" rel=\"noopener\">aqui<\/a> e confira a entrevista completa.<\/p>\n<p><em>Fonte: Ag\u00eancia Brasil<\/em><\/p>\n","protected":false},"excerpt":{"rendered":"<p>A Campanha Nacional de Preven\u00e7\u00e3o de Acidentes do Trabalho \u00e9 um conjunto de a\u00e7\u00f5es de cunho prevencionista promovida pela Inspe\u00e7\u00e3o do Trabalho no Brasil. A ideia da a\u00e7\u00e3o \u00e9, justamente, ajudar a implantar uma cultura em preven\u00e7\u00e3o de acidentes e doen\u00e7as do trabalho em nosso pa\u00eds. Para falar desse assunto, convidamos Dra Gilvana Campos, diretora [&hellip;]<\/p>\n","protected":false},"author":5,"featured_media":33270,"comment_status":"closed","ping_status":"closed","sticky":false,"template":"","format":"standard","meta":{"footnotes":""},"categories":[77,8],"tags":[],"_links":{"self":[{"href":"https:\/\/www.anamt.org.br\/portal\/wp-json\/wp\/v2\/posts\/49797"}],"collection":[{"href":"https:\/\/www.anamt.org.br\/portal\/wp-json\/wp\/v2\/posts"}],"about":[{"href":"https:\/\/www.anamt.org.br\/portal\/wp-json\/wp\/v2\/types\/post"}],"author":[{"embeddable":true,"href":"https:\/\/www.anamt.org.br\/portal\/wp-json\/wp\/v2\/users\/5"}],"replies":[{"embeddable":true,"href":"https:\/\/www.anamt.org.br\/portal\/wp-json\/wp\/v2\/comments?post=49797"}],"version-history":[{"count":1,"href":"https:\/\/www.anamt.org.br\/portal\/wp-json\/wp\/v2\/posts\/49797\/revisions"}],"predecessor-version":[{"id":49798,"href":"https:\/\/www.anamt.org.br\/portal\/wp-json\/wp\/v2\/posts\/49797\/revisions\/49798"}],"wp:featuredmedia":[{"embeddable":true,"href":"https:\/\/www.anamt.org.br\/portal\/wp-json\/wp\/v2\/media\/33270"}],"wp:attachment":[{"href":"https:\/\/www.anamt.org.br\/portal\/wp-json\/wp\/v2\/media?parent=49797"}],"wp:term":[{"taxonomy":"category","embeddable":true,"href":"https:\/\/www.anamt.org.br\/portal\/wp-json\/wp\/v2\/categories?post=49797"},{"taxonomy":"post_tag","embeddable":true,"href":"https:\/\/www.anamt.org.br\/portal\/wp-json\/wp\/v2\/tags?post=49797"}],"curies":[{"name":"wp","href":"https:\/\/api.w.org\/{rel}","templated":true}]}}