{"id":49793,"date":"2024-04-08T08:17:15","date_gmt":"2024-04-08T11:17:15","guid":{"rendered":"https:\/\/www.anamt.org.br\/portal\/?p=49793"},"modified":"2024-04-08T08:17:15","modified_gmt":"2024-04-08T11:17:15","slug":"nota-de-falecimento-dra-benedita-andrade-leal-de-abreu","status":"publish","type":"post","link":"https:\/\/www.anamt.org.br\/portal\/2024\/04\/08\/nota-de-falecimento-dra-benedita-andrade-leal-de-abreu\/","title":{"rendered":"Nota de Falecimento &#8211; Dra. Benedita Andrade Leal de Abreu"},"content":{"rendered":"<p><img decoding=\"async\" class=\"alignleft wp-image-49794\" src=\"https:\/\/www.anamt.org.br\/portal\/wp-content\/uploads\/2024\/04\/drabenedita.jpg\" alt=\"\" width=\"224\" height=\"218\" srcset=\"https:\/\/www.anamt.org.br\/portal\/wp-content\/uploads\/2024\/04\/drabenedita-200x195.jpg 200w, https:\/\/www.anamt.org.br\/portal\/wp-content\/uploads\/2024\/04\/drabenedita.jpg 282w\" sizes=\"(max-width: 224px) 100vw, 224px\" \/>Com imenso pesar, a ANAMT comunica o falecimento da m\u00e9dica do trabalho Dra. Benedita Andrade Leal de Abreu, tamb\u00e9m especialista nas \u00e1reas de cardiologia, medicina nuclear, radiologia e diagn\u00f3stico da imagem e medicina do tr\u00e1fego, e professora da Universidade Estadual do Piau\u00ed (Uespi). A Associa\u00e7\u00e3o manifesta suas condol\u00eancias e se solidariza com amigos, parentes e colegas de Dra. Benedita nesse momento dif\u00edcil.<\/p>\n","protected":false},"excerpt":{"rendered":"<p>Com imenso pesar, a ANAMT comunica o falecimento da m\u00e9dica do trabalho Dra. Benedita Andrade Leal de Abreu, tamb\u00e9m especialista nas \u00e1reas de cardiologia, medicina nuclear, radiologia e diagn\u00f3stico da imagem e medicina do tr\u00e1fego, e professora da Universidade Estadual do Piau\u00ed (Uespi). A Associa\u00e7\u00e3o manifesta suas condol\u00eancias e se solidariza com amigos, parentes e [&hellip;]<\/p>\n","protected":false},"author":5,"featured_media":48298,"comment_status":"closed","ping_status":"closed","sticky":false,"template":"","format":"standard","meta":{"footnotes":""},"categories":[77,8],"tags":[],"_links":{"self":[{"href":"https:\/\/www.anamt.org.br\/portal\/wp-json\/wp\/v2\/posts\/49793"}],"collection":[{"href":"https:\/\/www.anamt.org.br\/portal\/wp-json\/wp\/v2\/posts"}],"about":[{"href":"https:\/\/www.anamt.org.br\/portal\/wp-json\/wp\/v2\/types\/post"}],"author":[{"embeddable":true,"href":"https:\/\/www.anamt.org.br\/portal\/wp-json\/wp\/v2\/users\/5"}],"replies":[{"embeddable":true,"href":"https:\/\/www.anamt.org.br\/portal\/wp-json\/wp\/v2\/comments?post=49793"}],"version-history":[{"count":1,"href":"https:\/\/www.anamt.org.br\/portal\/wp-json\/wp\/v2\/posts\/49793\/revisions"}],"predecessor-version":[{"id":49795,"href":"https:\/\/www.anamt.org.br\/portal\/wp-json\/wp\/v2\/posts\/49793\/revisions\/49795"}],"wp:featuredmedia":[{"embeddable":true,"href":"https:\/\/www.anamt.org.br\/portal\/wp-json\/wp\/v2\/media\/48298"}],"wp:attachment":[{"href":"https:\/\/www.anamt.org.br\/portal\/wp-json\/wp\/v2\/media?parent=49793"}],"wp:term":[{"taxonomy":"category","embeddable":true,"href":"https:\/\/www.anamt.org.br\/portal\/wp-json\/wp\/v2\/categories?post=49793"},{"taxonomy":"post_tag","embeddable":true,"href":"https:\/\/www.anamt.org.br\/portal\/wp-json\/wp\/v2\/tags?post=49793"}],"curies":[{"name":"wp","href":"https:\/\/api.w.org\/{rel}","templated":true}]}}