{"id":49782,"date":"2024-04-05T12:36:02","date_gmt":"2024-04-05T15:36:02","guid":{"rendered":"https:\/\/www.anamt.org.br\/portal\/?p=49782"},"modified":"2024-04-05T13:08:10","modified_gmt":"2024-04-05T16:08:10","slug":"abril-verde-vice-presidente-regional-da-anamt-participa-de-evento-no-piaui","status":"publish","type":"post","link":"https:\/\/www.anamt.org.br\/portal\/2024\/04\/05\/abril-verde-vice-presidente-regional-da-anamt-participa-de-evento-no-piaui\/","title":{"rendered":"Abril Verde: vice-presidente regional da ANAMT participa de evento no Piau\u00ed"},"content":{"rendered":"<p>O vice-presidente da ANAMT na Regi\u00e3o Nordeste, Dr. Pascoal Costa, participou do evento Abril Verde: Juntos Pela Preven\u00e7\u00e3o, realizado nos dias 3 e 4 de abril pela Associa\u00e7\u00e3o Piauiense de Engenheiros de Seguran\u00e7a do Trabalho (APIEST) no audit\u00f3rio do Conselho Regional de Engenharia e Arquitetura do Piau\u00ed (Crea-PI).<\/p>\n<p>Na ocasi\u00e3o, Dr. Pascoal realizou uma palestra sobre Acidentes de Trabalho e suas repercuss\u00f5es, previdenci\u00e1rias e trabalhistas com a vig\u00eancia do eSocial.<\/p>\n<p><img decoding=\"async\" class=\"aligncenter wp-image-49784 size-fusion-600\" src=\"https:\/\/www.anamt.org.br\/portal\/wp-content\/uploads\/2024\/04\/WhatsApp-Image-2024-04-05-at-11.24.24-600x719.jpeg\" alt=\"\" width=\"600\" height=\"719\" srcset=\"https:\/\/www.anamt.org.br\/portal\/wp-content\/uploads\/2024\/04\/WhatsApp-Image-2024-04-05-at-11.24.24-200x240.jpeg 200w, https:\/\/www.anamt.org.br\/portal\/wp-content\/uploads\/2024\/04\/WhatsApp-Image-2024-04-05-at-11.24.24-250x300.jpeg 250w, https:\/\/www.anamt.org.br\/portal\/wp-content\/uploads\/2024\/04\/WhatsApp-Image-2024-04-05-at-11.24.24-400x480.jpeg 400w, https:\/\/www.anamt.org.br\/portal\/wp-content\/uploads\/2024\/04\/WhatsApp-Image-2024-04-05-at-11.24.24-600x719.jpeg 600w, https:\/\/www.anamt.org.br\/portal\/wp-content\/uploads\/2024\/04\/WhatsApp-Image-2024-04-05-at-11.24.24-768x921.jpeg 768w, https:\/\/www.anamt.org.br\/portal\/wp-content\/uploads\/2024\/04\/WhatsApp-Image-2024-04-05-at-11.24.24-800x959.jpeg 800w, https:\/\/www.anamt.org.br\/portal\/wp-content\/uploads\/2024\/04\/WhatsApp-Image-2024-04-05-at-11.24.24-854x1024.jpeg 854w, https:\/\/www.anamt.org.br\/portal\/wp-content\/uploads\/2024\/04\/WhatsApp-Image-2024-04-05-at-11.24.24.jpeg 1167w\" sizes=\"(max-width: 600px) 100vw, 600px\" \/><\/p>\n<p><img decoding=\"async\" class=\"wp-image-49785 size-fusion-600 aligncenter\" src=\"https:\/\/www.anamt.org.br\/portal\/wp-content\/uploads\/2024\/04\/WhatsApp-Image-2024-04-05-at-11.24.25-1-600x402.jpeg\" alt=\"\" width=\"600\" height=\"402\" srcset=\"https:\/\/www.anamt.org.br\/portal\/wp-content\/uploads\/2024\/04\/WhatsApp-Image-2024-04-05-at-11.24.25-1-200x134.jpeg 200w, https:\/\/www.anamt.org.br\/portal\/wp-content\/uploads\/2024\/04\/WhatsApp-Image-2024-04-05-at-11.24.25-1-300x201.jpeg 300w, https:\/\/www.anamt.org.br\/portal\/wp-content\/uploads\/2024\/04\/WhatsApp-Image-2024-04-05-at-11.24.25-1-400x268.jpeg 400w, https:\/\/www.anamt.org.br\/portal\/wp-content\/uploads\/2024\/04\/WhatsApp-Image-2024-04-05-at-11.24.25-1-600x402.jpeg 600w, https:\/\/www.anamt.org.br\/portal\/wp-content\/uploads\/2024\/04\/WhatsApp-Image-2024-04-05-at-11.24.25-1-768x515.jpeg 768w, https:\/\/www.anamt.org.br\/portal\/wp-content\/uploads\/2024\/04\/WhatsApp-Image-2024-04-05-at-11.24.25-1-800x536.jpeg 800w, https:\/\/www.anamt.org.br\/portal\/wp-content\/uploads\/2024\/04\/WhatsApp-Image-2024-04-05-at-11.24.25-1-1024x686.jpeg 1024w, https:\/\/www.anamt.org.br\/portal\/wp-content\/uploads\/2024\/04\/WhatsApp-Image-2024-04-05-at-11.24.25-1-1200x804.jpeg 1200w, https:\/\/www.anamt.org.br\/portal\/wp-content\/uploads\/2024\/04\/WhatsApp-Image-2024-04-05-at-11.24.25-1.jpeg 1517w\" sizes=\"(max-width: 600px) 100vw, 600px\" \/><\/p>\n<p><img decoding=\"async\" class=\"aligncenter wp-image-49788 size-fusion-600\" src=\"https:\/\/www.anamt.org.br\/portal\/wp-content\/uploads\/2024\/04\/WhatsApp-Image-2024-04-05-at-11.24.25-600x440.jpeg\" alt=\"\" width=\"600\" height=\"440\" srcset=\"https:\/\/www.anamt.org.br\/portal\/wp-content\/uploads\/2024\/04\/WhatsApp-Image-2024-04-05-at-11.24.25-200x147.jpeg 200w, https:\/\/www.anamt.org.br\/portal\/wp-content\/uploads\/2024\/04\/WhatsApp-Image-2024-04-05-at-11.24.25-300x220.jpeg 300w, https:\/\/www.anamt.org.br\/portal\/wp-content\/uploads\/2024\/04\/WhatsApp-Image-2024-04-05-at-11.24.25-400x293.jpeg 400w, https:\/\/www.anamt.org.br\/portal\/wp-content\/uploads\/2024\/04\/WhatsApp-Image-2024-04-05-at-11.24.25-600x440.jpeg 600w, https:\/\/www.anamt.org.br\/portal\/wp-content\/uploads\/2024\/04\/WhatsApp-Image-2024-04-05-at-11.24.25-768x563.jpeg 768w, https:\/\/www.anamt.org.br\/portal\/wp-content\/uploads\/2024\/04\/WhatsApp-Image-2024-04-05-at-11.24.25-800x587.jpeg 800w, https:\/\/www.anamt.org.br\/portal\/wp-content\/uploads\/2024\/04\/WhatsApp-Image-2024-04-05-at-11.24.25-1024x751.jpeg 1024w, https:\/\/www.anamt.org.br\/portal\/wp-content\/uploads\/2024\/04\/WhatsApp-Image-2024-04-05-at-11.24.25.jpeg 1121w\" sizes=\"(max-width: 600px) 100vw, 600px\" \/><\/p>\n","protected":false},"excerpt":{"rendered":"<p>O vice-presidente da ANAMT na Regi\u00e3o Nordeste, Dr. Pascoal Costa, participou do evento Abril Verde: Juntos Pela Preven\u00e7\u00e3o, realizado nos dias 3 e 4 de abril pela Associa\u00e7\u00e3o Piauiense de Engenheiros de Seguran\u00e7a do Trabalho (APIEST) no audit\u00f3rio do Conselho Regional de Engenharia e Arquitetura do Piau\u00ed (Crea-PI). Na ocasi\u00e3o, Dr. Pascoal realizou uma palestra [&hellip;]<\/p>\n","protected":false},"author":5,"featured_media":49783,"comment_status":"closed","ping_status":"closed","sticky":false,"template":"","format":"standard","meta":{"footnotes":""},"categories":[77,8],"tags":[],"_links":{"self":[{"href":"https:\/\/www.anamt.org.br\/portal\/wp-json\/wp\/v2\/posts\/49782"}],"collection":[{"href":"https:\/\/www.anamt.org.br\/portal\/wp-json\/wp\/v2\/posts"}],"about":[{"href":"https:\/\/www.anamt.org.br\/portal\/wp-json\/wp\/v2\/types\/post"}],"author":[{"embeddable":true,"href":"https:\/\/www.anamt.org.br\/portal\/wp-json\/wp\/v2\/users\/5"}],"replies":[{"embeddable":true,"href":"https:\/\/www.anamt.org.br\/portal\/wp-json\/wp\/v2\/comments?post=49782"}],"version-history":[{"count":2,"href":"https:\/\/www.anamt.org.br\/portal\/wp-json\/wp\/v2\/posts\/49782\/revisions"}],"predecessor-version":[{"id":49789,"href":"https:\/\/www.anamt.org.br\/portal\/wp-json\/wp\/v2\/posts\/49782\/revisions\/49789"}],"wp:featuredmedia":[{"embeddable":true,"href":"https:\/\/www.anamt.org.br\/portal\/wp-json\/wp\/v2\/media\/49783"}],"wp:attachment":[{"href":"https:\/\/www.anamt.org.br\/portal\/wp-json\/wp\/v2\/media?parent=49782"}],"wp:term":[{"taxonomy":"category","embeddable":true,"href":"https:\/\/www.anamt.org.br\/portal\/wp-json\/wp\/v2\/categories?post=49782"},{"taxonomy":"post_tag","embeddable":true,"href":"https:\/\/www.anamt.org.br\/portal\/wp-json\/wp\/v2\/tags?post=49782"}],"curies":[{"name":"wp","href":"https:\/\/api.w.org\/{rel}","templated":true}]}}