{"id":49762,"date":"2024-03-28T11:48:50","date_gmt":"2024-03-28T14:48:50","guid":{"rendered":"https:\/\/www.anamt.org.br\/portal\/?p=49762"},"modified":"2024-03-28T12:07:22","modified_gmt":"2024-03-28T15:07:22","slug":"nota-de-falecimento-dr-federico-alejo-marco","status":"publish","type":"post","link":"https:\/\/www.anamt.org.br\/portal\/2024\/03\/28\/nota-de-falecimento-dr-federico-alejo-marco\/","title":{"rendered":"Nota de Falecimento &#8211; Dr. Federico Alejo Marco"},"content":{"rendered":"<p style=\"text-align: left;\"><img decoding=\"async\" class=\"size-full wp-image-49764 alignleft\" src=\"https:\/\/www.anamt.org.br\/portal\/wp-content\/uploads\/2024\/03\/drfedericp.png\" alt=\"\" width=\"110\" height=\"130\" \/>Com imenso pesar, a ANAMT comunica o falecimento de Dr. Federico Alejo Marco, m\u00e9dico do trabalho, ex-presidente da Sociedad de Medicina del Trabajo de la Provincia de Buenos Aires e membro fundador da Asociaci\u00f3n Latinoamericana de Salud Ocupacional (ALSO). A Associa\u00e7\u00e3o manifesta suas condol\u00eancias e se solidariza com amigos, parentes e colegas de Dr. Federico nesse momento dif\u00edcil.<\/p>\n","protected":false},"excerpt":{"rendered":"<p>Com imenso pesar, a ANAMT comunica o falecimento de Dr. Federico Alejo Marco, m\u00e9dico do trabalho, ex-presidente da Sociedad de Medicina del Trabajo de la Provincia de Buenos Aires e membro fundador da Asociaci\u00f3n Latinoamericana de Salud Ocupacional (ALSO). A Associa\u00e7\u00e3o manifesta suas condol\u00eancias e se solidariza com amigos, parentes e colegas de Dr. Federico [&hellip;]<\/p>\n","protected":false},"author":5,"featured_media":48298,"comment_status":"closed","ping_status":"closed","sticky":false,"template":"","format":"standard","meta":{"footnotes":""},"categories":[77,8],"tags":[],"_links":{"self":[{"href":"https:\/\/www.anamt.org.br\/portal\/wp-json\/wp\/v2\/posts\/49762"}],"collection":[{"href":"https:\/\/www.anamt.org.br\/portal\/wp-json\/wp\/v2\/posts"}],"about":[{"href":"https:\/\/www.anamt.org.br\/portal\/wp-json\/wp\/v2\/types\/post"}],"author":[{"embeddable":true,"href":"https:\/\/www.anamt.org.br\/portal\/wp-json\/wp\/v2\/users\/5"}],"replies":[{"embeddable":true,"href":"https:\/\/www.anamt.org.br\/portal\/wp-json\/wp\/v2\/comments?post=49762"}],"version-history":[{"count":2,"href":"https:\/\/www.anamt.org.br\/portal\/wp-json\/wp\/v2\/posts\/49762\/revisions"}],"predecessor-version":[{"id":49768,"href":"https:\/\/www.anamt.org.br\/portal\/wp-json\/wp\/v2\/posts\/49762\/revisions\/49768"}],"wp:featuredmedia":[{"embeddable":true,"href":"https:\/\/www.anamt.org.br\/portal\/wp-json\/wp\/v2\/media\/48298"}],"wp:attachment":[{"href":"https:\/\/www.anamt.org.br\/portal\/wp-json\/wp\/v2\/media?parent=49762"}],"wp:term":[{"taxonomy":"category","embeddable":true,"href":"https:\/\/www.anamt.org.br\/portal\/wp-json\/wp\/v2\/categories?post=49762"},{"taxonomy":"post_tag","embeddable":true,"href":"https:\/\/www.anamt.org.br\/portal\/wp-json\/wp\/v2\/tags?post=49762"}],"curies":[{"name":"wp","href":"https:\/\/api.w.org\/{rel}","templated":true}]}}