{"id":49754,"date":"2024-03-27T09:03:35","date_gmt":"2024-03-27T12:03:35","guid":{"rendered":"https:\/\/www.anamt.org.br\/portal\/?p=49754"},"modified":"2024-05-16T15:27:14","modified_gmt":"2024-05-16T18:27:14","slug":"abramt-realiza-i-simposio-abramt","status":"publish","type":"post","link":"https:\/\/www.anamt.org.br\/portal\/2024\/03\/27\/abramt-realiza-i-simposio-abramt\/","title":{"rendered":"ABRAMT realiza I Simp\u00f3sio ABRAMT"},"content":{"rendered":"<p>A Associa\u00e7\u00e3o Brasiliense de Medicina do Trabalho (ABRAMT) realizar\u00e1, no dia 13 de abril, o I Simp\u00f3sio ABRAMT. As inscri\u00e7\u00f5es est\u00e3o dispon\u00edveis <a href=\"https:\/\/www.sympla.com.br\/evento\/o-impacto-da-resolucao-cfm-n-2323-22-na-medicina-do-trabalho\/2371597?_gl=1*bmgf2s*_ga*MTEzNDEzODkzLjE3MDk3NTA1ODI.*_ga_KXH10SQTZF*MTcwOTc1MDU4Mi4xLjEuMTcwOTc1MTUxMC4yNi4wLjExNDQzNzQyMDI.&amp;share_id=copiarlink\" target=\"_blank\" rel=\"noopener\"><strong>aqui<\/strong><\/a> at\u00e9 o dia 10 de abril.<\/p>\n<p><img decoding=\"async\" class=\"aligncenter wp-image-49759 size-fusion-600\" src=\"https:\/\/www.anamt.org.br\/portal\/wp-content\/uploads\/2024\/03\/WhatsApp-Image-2024-03-26-at-17.30.11-2-600x600.png\" alt=\"\" width=\"600\" height=\"600\" srcset=\"https:\/\/www.anamt.org.br\/portal\/wp-content\/uploads\/2024\/03\/WhatsApp-Image-2024-03-26-at-17.30.11-2-66x66.png 66w, https:\/\/www.anamt.org.br\/portal\/wp-content\/uploads\/2024\/03\/WhatsApp-Image-2024-03-26-at-17.30.11-2-150x150.png 150w, https:\/\/www.anamt.org.br\/portal\/wp-content\/uploads\/2024\/03\/WhatsApp-Image-2024-03-26-at-17.30.11-2-200x200.png 200w, https:\/\/www.anamt.org.br\/portal\/wp-content\/uploads\/2024\/03\/WhatsApp-Image-2024-03-26-at-17.30.11-2-300x300.png 300w, https:\/\/www.anamt.org.br\/portal\/wp-content\/uploads\/2024\/03\/WhatsApp-Image-2024-03-26-at-17.30.11-2-400x400.png 400w, https:\/\/www.anamt.org.br\/portal\/wp-content\/uploads\/2024\/03\/WhatsApp-Image-2024-03-26-at-17.30.11-2-600x600.png 600w, https:\/\/www.anamt.org.br\/portal\/wp-content\/uploads\/2024\/03\/WhatsApp-Image-2024-03-26-at-17.30.11-2-768x768.png 768w, https:\/\/www.anamt.org.br\/portal\/wp-content\/uploads\/2024\/03\/WhatsApp-Image-2024-03-26-at-17.30.11-2-800x800.png 800w, https:\/\/www.anamt.org.br\/portal\/wp-content\/uploads\/2024\/03\/WhatsApp-Image-2024-03-26-at-17.30.11-2-1024x1024.png 1024w, https:\/\/www.anamt.org.br\/portal\/wp-content\/uploads\/2024\/03\/WhatsApp-Image-2024-03-26-at-17.30.11-2.png 1080w\" sizes=\"(max-width: 600px) 100vw, 600px\" \/><\/p>\n","protected":false},"excerpt":{"rendered":"<p>A Associa\u00e7\u00e3o Brasiliense de Medicina do Trabalho (ABRAMT) realizar\u00e1, no dia 13 de abril, o I Simp\u00f3sio ABRAMT. As inscri\u00e7\u00f5es est\u00e3o dispon\u00edveis aqui at\u00e9 o dia 10 de abril.<\/p>\n","protected":false},"author":5,"featured_media":49756,"comment_status":"closed","ping_status":"closed","sticky":false,"template":"","format":"standard","meta":{"footnotes":""},"categories":[78,217,77,8],"tags":[],"_links":{"self":[{"href":"https:\/\/www.anamt.org.br\/portal\/wp-json\/wp\/v2\/posts\/49754"}],"collection":[{"href":"https:\/\/www.anamt.org.br\/portal\/wp-json\/wp\/v2\/posts"}],"about":[{"href":"https:\/\/www.anamt.org.br\/portal\/wp-json\/wp\/v2\/types\/post"}],"author":[{"embeddable":true,"href":"https:\/\/www.anamt.org.br\/portal\/wp-json\/wp\/v2\/users\/5"}],"replies":[{"embeddable":true,"href":"https:\/\/www.anamt.org.br\/portal\/wp-json\/wp\/v2\/comments?post=49754"}],"version-history":[{"count":2,"href":"https:\/\/www.anamt.org.br\/portal\/wp-json\/wp\/v2\/posts\/49754\/revisions"}],"predecessor-version":[{"id":49760,"href":"https:\/\/www.anamt.org.br\/portal\/wp-json\/wp\/v2\/posts\/49754\/revisions\/49760"}],"wp:featuredmedia":[{"embeddable":true,"href":"https:\/\/www.anamt.org.br\/portal\/wp-json\/wp\/v2\/media\/49756"}],"wp:attachment":[{"href":"https:\/\/www.anamt.org.br\/portal\/wp-json\/wp\/v2\/media?parent=49754"}],"wp:term":[{"taxonomy":"category","embeddable":true,"href":"https:\/\/www.anamt.org.br\/portal\/wp-json\/wp\/v2\/categories?post=49754"},{"taxonomy":"post_tag","embeddable":true,"href":"https:\/\/www.anamt.org.br\/portal\/wp-json\/wp\/v2\/tags?post=49754"}],"curies":[{"name":"wp","href":"https:\/\/api.w.org\/{rel}","templated":true}]}}