{"id":49735,"date":"2024-03-26T07:42:31","date_gmt":"2024-03-26T10:42:31","guid":{"rendered":"https:\/\/www.anamt.org.br\/portal\/?p=49735"},"modified":"2024-03-26T07:43:41","modified_gmt":"2024-03-26T10:43:41","slug":"anamt-56-anos-em-defesa-da-saude-integral-dos-trabalhadores-e-da-especialidade","status":"publish","type":"post","link":"https:\/\/www.anamt.org.br\/portal\/2024\/03\/26\/anamt-56-anos-em-defesa-da-saude-integral-dos-trabalhadores-e-da-especialidade\/","title":{"rendered":"ANAMT: 56 anos em defesa da sa\u00fade integral dos trabalhadores e da especialidade"},"content":{"rendered":"<p>Nesta ter\u00e7a-feira (26\/03), a Associa\u00e7\u00e3o Nacional de Medicina do Trabalho (ANAMT) completa 56 anos de funda\u00e7\u00e3o e iniciativas em defesa da sa\u00fade do trabalhador. A especialidade atende milh\u00f5es de trabalhadores nas empresas e outras organiza\u00e7\u00f5es da economia formal, sendo a maior associa\u00e7\u00e3o de M\u00e9dicos do Trabalho da Am\u00e9rica Latina.<\/p>\n<p>Fundada em S\u00e3o Paulo (SP) por iniciativa dos Drs. Oswaldo Paulino, Bernardo Bedrikow, Joaquim Augusto Junqueira e Diogo Pupo Nogueira, a entidade deu seus primeiros passos dois anos antes, ap\u00f3s os fundadores participarem do Congresso Internacional de Medicina do Trabalho, em Viena (\u00c1ustria). Suas conquistas para a comunidade cient\u00edfica s\u00e3o diversas ao longo da hist\u00f3ria. \u00c9 poss\u00edvel destacar, por exemplo, a parceria com universidades renomadas, a Revista Brasileira de Medicina do Trabalho (RBMT) e a primeira contribui\u00e7\u00e3o para um evento: o III Congresso Pan-Americano de Medicina do Trabalho.<\/p>\n<p>Atualmente, a institui\u00e7\u00e3o acumula milhares de associados, atua em 27 estados atrav\u00e9s das Federadas e possui uma trajet\u00f3ria de pouco mais de cinco d\u00e9cadas dedicadas \u00e0 seguran\u00e7a e sa\u00fade no trabalho (SST), \u00e0 prote\u00e7\u00e3o da integridade dos trabalhadores e \u00e0 promo\u00e7\u00e3o da Medicina do Trabalho como uma especialidade m\u00e9dica de valor. Sem fins lucrativos, a institui\u00e7\u00e3o promove regularmente eventos educativos que abordam os principais temas relacionados \u00e0 especialidade, incluindo o F\u00f3rum Presen\u00e7a ANAMT, o Congresso Nacional da ANAMT, semin\u00e1rios regionais e cursos presenciais e online. A organiza\u00e7\u00e3o tamb\u00e9m realiza a Prova de T\u00edtulo, importante exame que possibilita a obten\u00e7\u00e3o do t\u00edtulo de especialista na \u00e1rea.<\/p>\n<p>\u201cA ANAMT reitera, nesta data comemorativa, o compromisso de salvar e guardar a sa\u00fade dos trabalhadores, promover a valoriza\u00e7\u00e3o da especialidade e advogar pelo reconhecimento social da profiss\u00e3o perante a sociedade. Nossa maior conquista reside em contribuir para a constante qualifica\u00e7\u00e3o e atualiza\u00e7\u00e3o dos m\u00e9dicos do trabalho, que desempenham um papel fundamental na gest\u00e3o integral da sa\u00fade em todas as \u00e1reas de atividade. Al\u00e9m disso, agrade\u00e7o &#8211; do fundo do meu cora\u00e7\u00e3o &#8211; a todos os volunt\u00e1rios que fizeram parte da institui\u00e7\u00e3o ao longo desses maravilhosos 56 anos&#8221;, destaca o presidente da ANAMT, Dr. Francisco Cortes Fernandes.<\/p>\n","protected":false},"excerpt":{"rendered":"<p>Nesta ter\u00e7a-feira (26\/03), a Associa\u00e7\u00e3o Nacional de Medicina do Trabalho (ANAMT) completa 56 anos de funda\u00e7\u00e3o e iniciativas em defesa da sa\u00fade do trabalhador. A especialidade atende milh\u00f5es de trabalhadores nas empresas e outras organiza\u00e7\u00f5es da economia formal, sendo a maior associa\u00e7\u00e3o de M\u00e9dicos do Trabalho da Am\u00e9rica Latina. Fundada em S\u00e3o Paulo (SP) por [&hellip;]<\/p>\n","protected":false},"author":5,"featured_media":48293,"comment_status":"closed","ping_status":"closed","sticky":false,"template":"","format":"standard","meta":{"footnotes":""},"categories":[77,8],"tags":[],"_links":{"self":[{"href":"https:\/\/www.anamt.org.br\/portal\/wp-json\/wp\/v2\/posts\/49735"}],"collection":[{"href":"https:\/\/www.anamt.org.br\/portal\/wp-json\/wp\/v2\/posts"}],"about":[{"href":"https:\/\/www.anamt.org.br\/portal\/wp-json\/wp\/v2\/types\/post"}],"author":[{"embeddable":true,"href":"https:\/\/www.anamt.org.br\/portal\/wp-json\/wp\/v2\/users\/5"}],"replies":[{"embeddable":true,"href":"https:\/\/www.anamt.org.br\/portal\/wp-json\/wp\/v2\/comments?post=49735"}],"version-history":[{"count":2,"href":"https:\/\/www.anamt.org.br\/portal\/wp-json\/wp\/v2\/posts\/49735\/revisions"}],"predecessor-version":[{"id":49737,"href":"https:\/\/www.anamt.org.br\/portal\/wp-json\/wp\/v2\/posts\/49735\/revisions\/49737"}],"wp:featuredmedia":[{"embeddable":true,"href":"https:\/\/www.anamt.org.br\/portal\/wp-json\/wp\/v2\/media\/48293"}],"wp:attachment":[{"href":"https:\/\/www.anamt.org.br\/portal\/wp-json\/wp\/v2\/media?parent=49735"}],"wp:term":[{"taxonomy":"category","embeddable":true,"href":"https:\/\/www.anamt.org.br\/portal\/wp-json\/wp\/v2\/categories?post=49735"},{"taxonomy":"post_tag","embeddable":true,"href":"https:\/\/www.anamt.org.br\/portal\/wp-json\/wp\/v2\/tags?post=49735"}],"curies":[{"name":"wp","href":"https:\/\/api.w.org\/{rel}","templated":true}]}}