{"id":49712,"date":"2024-03-27T07:50:05","date_gmt":"2024-03-27T10:50:05","guid":{"rendered":"https:\/\/www.anamt.org.br\/portal\/?p=49712"},"modified":"2024-03-28T09:58:17","modified_gmt":"2024-03-28T12:58:17","slug":"anamt-realiza-webinario-sobre-resolucao-cfm-2376-2024","status":"publish","type":"post","link":"https:\/\/www.anamt.org.br\/portal\/2024\/03\/27\/anamt-realiza-webinario-sobre-resolucao-cfm-2376-2024\/","title":{"rendered":"ANAMT realiza webin\u00e1rio sobre Resolu\u00e7\u00e3o CFM 2376\/2024"},"content":{"rendered":"<p>No dia 28 de mar\u00e7o, a ANAMT realizar\u00e1 uma nova edi\u00e7\u00e3o do Webin\u00e1rios ANAMT, \u00e0s 20h. A transmiss\u00e3o abordar\u00e1 o tema Resolu\u00e7\u00e3o CFM 2376\/2024 &#8211; Registro de M\u00e9dico Respons\u00e1vel pelo PCMSO. Participar\u00e3o Dr. Alberthy Ogliari, advogado especialista em Direito M\u00e9dico e Assessor Jur\u00eddico da ANAMT, a diretora cient\u00edfica da ANAMT, Dra. Rosylane Rocha, o presidente da Associa\u00e7\u00e3o, Dr. Francisco Fernandes, e o coordenador de TI do Conselho Federal de Medicina, Goethe Ramos.<\/p>\n<p>O webin\u00e1rio ser\u00e1 aberto ao p\u00fablico geral, mediante cadastro para n\u00e3o associados da ANAMT, dispon\u00edvel <a href=\"https:\/\/lp.anamt.org.br\/inscricao-webinario-sobre-resolucao-cfm-2376-2024-inscricao\/\" target=\"_blank\" rel=\"noopener\"><strong>neste link<\/strong><\/a>. Associados com anuidade paga at\u00e9 2023 podem acessar diretamente pelo ANAMT Virtual. A partir de 1\u00ba de abril, quem n\u00e3o renovar a anuidade 2024 n\u00e3o ter\u00e1 mais acesso ao ANAMT Virtual e demais produtos gratuitos para associados adimplentes.<\/p>\n<p>O acesso \u00e0 ANAMT Virtual \u00e9 um benef\u00edcio exclusivo de todos os associados adimplentes da entidade. Para acompanhar, acesse: <a href=\"http:\/\/anamt.virtual.org.br\" target=\"_blank\" rel=\"noopener\">anamt.virtual.org.br<\/a>.<\/p>\n","protected":false},"excerpt":{"rendered":"<p>No dia 28 de mar\u00e7o, a ANAMT realizar\u00e1 uma nova edi\u00e7\u00e3o do Webin\u00e1rios ANAMT, \u00e0s 20h. A transmiss\u00e3o abordar\u00e1 o tema Resolu\u00e7\u00e3o CFM 2376\/2024 &#8211; Registro de M\u00e9dico Respons\u00e1vel pelo PCMSO. Participar\u00e3o Dr. Alberthy Ogliari, advogado especialista em Direito M\u00e9dico e Assessor Jur\u00eddico da ANAMT, a diretora cient\u00edfica da ANAMT, Dra. Rosylane Rocha, o presidente [&hellip;]<\/p>\n","protected":false},"author":5,"featured_media":48059,"comment_status":"closed","ping_status":"closed","sticky":false,"template":"","format":"standard","meta":{"footnotes":""},"categories":[77,8],"tags":[],"_links":{"self":[{"href":"https:\/\/www.anamt.org.br\/portal\/wp-json\/wp\/v2\/posts\/49712"}],"collection":[{"href":"https:\/\/www.anamt.org.br\/portal\/wp-json\/wp\/v2\/posts"}],"about":[{"href":"https:\/\/www.anamt.org.br\/portal\/wp-json\/wp\/v2\/types\/post"}],"author":[{"embeddable":true,"href":"https:\/\/www.anamt.org.br\/portal\/wp-json\/wp\/v2\/users\/5"}],"replies":[{"embeddable":true,"href":"https:\/\/www.anamt.org.br\/portal\/wp-json\/wp\/v2\/comments?post=49712"}],"version-history":[{"count":2,"href":"https:\/\/www.anamt.org.br\/portal\/wp-json\/wp\/v2\/posts\/49712\/revisions"}],"predecessor-version":[{"id":49761,"href":"https:\/\/www.anamt.org.br\/portal\/wp-json\/wp\/v2\/posts\/49712\/revisions\/49761"}],"wp:featuredmedia":[{"embeddable":true,"href":"https:\/\/www.anamt.org.br\/portal\/wp-json\/wp\/v2\/media\/48059"}],"wp:attachment":[{"href":"https:\/\/www.anamt.org.br\/portal\/wp-json\/wp\/v2\/media?parent=49712"}],"wp:term":[{"taxonomy":"category","embeddable":true,"href":"https:\/\/www.anamt.org.br\/portal\/wp-json\/wp\/v2\/categories?post=49712"},{"taxonomy":"post_tag","embeddable":true,"href":"https:\/\/www.anamt.org.br\/portal\/wp-json\/wp\/v2\/tags?post=49712"}],"curies":[{"name":"wp","href":"https:\/\/api.w.org\/{rel}","templated":true}]}}