{"id":49665,"date":"2024-03-11T08:57:45","date_gmt":"2024-03-11T11:57:45","guid":{"rendered":"https:\/\/www.anamt.org.br\/portal\/?p=49665"},"modified":"2024-03-11T08:59:10","modified_gmt":"2024-03-11T11:59:10","slug":"webinarios-anamt-nova-edicao-aborda-carga-de-trabalho-uma-maneira-de-entender-o-adoecimento-x-saude-no-trabalho","status":"publish","type":"post","link":"https:\/\/www.anamt.org.br\/portal\/2024\/03\/11\/webinarios-anamt-nova-edicao-aborda-carga-de-trabalho-uma-maneira-de-entender-o-adoecimento-x-saude-no-trabalho\/","title":{"rendered":"Webin\u00e1rios ANAMT: nova edi\u00e7\u00e3o aborda Carga de Trabalho &#8211; Uma maneira de entender o adoecimento x sa\u00fade no trabalho"},"content":{"rendered":"<p>No dia 12 de mar\u00e7o, a ANAMT realizar\u00e1 uma nova edi\u00e7\u00e3o do Webin\u00e1rios ANAMT, \u00e0s 20h. A transmiss\u00e3o abordar\u00e1 o tema Carga de Trabalho &#8211; Uma maneira de entender o adoecimento x sa\u00fade no trabalho. Participar\u00e1 Dr. Jo\u00e3o Marcelo Rocha Ramalho, M\u00e9dico do Trabalho e M\u00e9dico Perito Oficial do Estado do Cear\u00e1 na Per\u00edcia Forense do Estado do Cear\u00e1.<\/p>\n<p>A coordena\u00e7\u00e3o ser\u00e1 do diretor de Rela\u00e7\u00f5es Internacionais da ANAMT, Dr. Ricardo Turenko. O acesso \u00e0 ANAMT Virtual \u00e9 um benef\u00edcio exclusivo de todos os associados adimplentes da entidade. Para acompanhar, acesse: <a href=\"http:\/\/anamt.virtual.org.br\" target=\"_blank\" rel=\"noopener\">anamt.virtual.org.br<\/a>.<\/p>\n","protected":false},"excerpt":{"rendered":"<p>No dia 12 de mar\u00e7o, a ANAMT realizar\u00e1 uma nova edi\u00e7\u00e3o do Webin\u00e1rios ANAMT, \u00e0s 20h. A transmiss\u00e3o abordar\u00e1 o tema Carga de Trabalho &#8211; Uma maneira de entender o adoecimento x sa\u00fade no trabalho. Participar\u00e1 Dr. Jo\u00e3o Marcelo Rocha Ramalho, M\u00e9dico do Trabalho e M\u00e9dico Perito Oficial do Estado do Cear\u00e1 na Per\u00edcia Forense [&hellip;]<\/p>\n","protected":false},"author":5,"featured_media":48059,"comment_status":"closed","ping_status":"closed","sticky":false,"template":"","format":"standard","meta":{"footnotes":""},"categories":[77,8],"tags":[],"_links":{"self":[{"href":"https:\/\/www.anamt.org.br\/portal\/wp-json\/wp\/v2\/posts\/49665"}],"collection":[{"href":"https:\/\/www.anamt.org.br\/portal\/wp-json\/wp\/v2\/posts"}],"about":[{"href":"https:\/\/www.anamt.org.br\/portal\/wp-json\/wp\/v2\/types\/post"}],"author":[{"embeddable":true,"href":"https:\/\/www.anamt.org.br\/portal\/wp-json\/wp\/v2\/users\/5"}],"replies":[{"embeddable":true,"href":"https:\/\/www.anamt.org.br\/portal\/wp-json\/wp\/v2\/comments?post=49665"}],"version-history":[{"count":1,"href":"https:\/\/www.anamt.org.br\/portal\/wp-json\/wp\/v2\/posts\/49665\/revisions"}],"predecessor-version":[{"id":49666,"href":"https:\/\/www.anamt.org.br\/portal\/wp-json\/wp\/v2\/posts\/49665\/revisions\/49666"}],"wp:featuredmedia":[{"embeddable":true,"href":"https:\/\/www.anamt.org.br\/portal\/wp-json\/wp\/v2\/media\/48059"}],"wp:attachment":[{"href":"https:\/\/www.anamt.org.br\/portal\/wp-json\/wp\/v2\/media?parent=49665"}],"wp:term":[{"taxonomy":"category","embeddable":true,"href":"https:\/\/www.anamt.org.br\/portal\/wp-json\/wp\/v2\/categories?post=49665"},{"taxonomy":"post_tag","embeddable":true,"href":"https:\/\/www.anamt.org.br\/portal\/wp-json\/wp\/v2\/tags?post=49665"}],"curies":[{"name":"wp","href":"https:\/\/api.w.org\/{rel}","templated":true}]}}