{"id":49654,"date":"2024-03-08T15:58:15","date_gmt":"2024-03-08T18:58:15","guid":{"rendered":"https:\/\/www.anamt.org.br\/portal\/?p=49654"},"modified":"2024-03-11T08:32:40","modified_gmt":"2024-03-11T11:32:40","slug":"anamt-participa-de-solenidade-de-posse-da-anm","status":"publish","type":"post","link":"https:\/\/www.anamt.org.br\/portal\/2024\/03\/08\/anamt-participa-de-solenidade-de-posse-da-anm\/","title":{"rendered":"ANAMT participa de solenidade de posse da ANM"},"content":{"rendered":"<p>O presidente da ANAMT, Dr. Francisco Cortes Fernandes, participou da solenidade de posse da diretoria da Academia Nacional de Medicina (ANM), realizada no Rio de Janeiro (RJ) no dia 7 de mar\u00e7o.<\/p>\n<p>Eliete Bouskela foi eleita a primeira presidente mulher da Academia, que tem 194 anos de funda\u00e7\u00e3o. Entre os participantes da solenidade, o presidente do Supremo Tribunal Federal (STF), Luis Roberto Barroso, e o governador de Minas Gerais, Romeu Zema.<\/p>\n<p><img decoding=\"async\" class=\"aligncenter wp-image-49663 size-fusion-600\" src=\"https:\/\/www.anamt.org.br\/portal\/wp-content\/uploads\/2024\/03\/WhatsApp-Image-2024-03-08-at-16.22.33-600x450.jpeg\" alt=\"\" width=\"600\" height=\"450\" srcset=\"https:\/\/www.anamt.org.br\/portal\/wp-content\/uploads\/2024\/03\/WhatsApp-Image-2024-03-08-at-16.22.33-200x150.jpeg 200w, https:\/\/www.anamt.org.br\/portal\/wp-content\/uploads\/2024\/03\/WhatsApp-Image-2024-03-08-at-16.22.33-300x225.jpeg 300w, https:\/\/www.anamt.org.br\/portal\/wp-content\/uploads\/2024\/03\/WhatsApp-Image-2024-03-08-at-16.22.33-400x300.jpeg 400w, https:\/\/www.anamt.org.br\/portal\/wp-content\/uploads\/2024\/03\/WhatsApp-Image-2024-03-08-at-16.22.33-600x450.jpeg 600w, https:\/\/www.anamt.org.br\/portal\/wp-content\/uploads\/2024\/03\/WhatsApp-Image-2024-03-08-at-16.22.33-768x576.jpeg 768w, https:\/\/www.anamt.org.br\/portal\/wp-content\/uploads\/2024\/03\/WhatsApp-Image-2024-03-08-at-16.22.33-800x600.jpeg 800w, https:\/\/www.anamt.org.br\/portal\/wp-content\/uploads\/2024\/03\/WhatsApp-Image-2024-03-08-at-16.22.33-1024x768.jpeg 1024w, https:\/\/www.anamt.org.br\/portal\/wp-content\/uploads\/2024\/03\/WhatsApp-Image-2024-03-08-at-16.22.33-1200x900.jpeg 1200w, https:\/\/www.anamt.org.br\/portal\/wp-content\/uploads\/2024\/03\/WhatsApp-Image-2024-03-08-at-16.22.33.jpeg 1280w\" sizes=\"(max-width: 600px) 100vw, 600px\" \/><\/p>\n<p><img decoding=\"async\" class=\"wp-image-49658 size-full aligncenter\" src=\"https:\/\/www.anamt.org.br\/portal\/wp-content\/uploads\/2024\/03\/anacmed.png\" alt=\"\" width=\"468\" height=\"194\" srcset=\"https:\/\/www.anamt.org.br\/portal\/wp-content\/uploads\/2024\/03\/anacmed-200x83.png 200w, https:\/\/www.anamt.org.br\/portal\/wp-content\/uploads\/2024\/03\/anacmed-300x124.png 300w, https:\/\/www.anamt.org.br\/portal\/wp-content\/uploads\/2024\/03\/anacmed-400x166.png 400w, https:\/\/www.anamt.org.br\/portal\/wp-content\/uploads\/2024\/03\/anacmed.png 468w\" sizes=\"(max-width: 468px) 100vw, 468px\" \/><\/p>\n<p><img decoding=\"async\" class=\"aligncenter wp-image-49659 size-fusion-400\" src=\"https:\/\/www.anamt.org.br\/portal\/wp-content\/uploads\/2024\/03\/anm2-400x542.jpg\" alt=\"\" width=\"400\" height=\"542\" srcset=\"https:\/\/www.anamt.org.br\/portal\/wp-content\/uploads\/2024\/03\/anm2-200x271.jpg 200w, https:\/\/www.anamt.org.br\/portal\/wp-content\/uploads\/2024\/03\/anm2-221x300.jpg 221w, https:\/\/www.anamt.org.br\/portal\/wp-content\/uploads\/2024\/03\/anm2-400x542.jpg 400w, https:\/\/www.anamt.org.br\/portal\/wp-content\/uploads\/2024\/03\/anm2.jpg 574w\" sizes=\"(max-width: 400px) 100vw, 400px\" \/><\/p>\n<p><img decoding=\"async\" class=\"aligncenter wp-image-49660 size-fusion-400\" src=\"https:\/\/www.anamt.org.br\/portal\/wp-content\/uploads\/2024\/03\/anm3-400x529.jpg\" alt=\"\" width=\"400\" height=\"529\" srcset=\"https:\/\/www.anamt.org.br\/portal\/wp-content\/uploads\/2024\/03\/anm3-200x265.jpg 200w, https:\/\/www.anamt.org.br\/portal\/wp-content\/uploads\/2024\/03\/anm3-227x300.jpg 227w, https:\/\/www.anamt.org.br\/portal\/wp-content\/uploads\/2024\/03\/anm3-400x529.jpg 400w, https:\/\/www.anamt.org.br\/portal\/wp-content\/uploads\/2024\/03\/anm3-600x794.jpg 600w, https:\/\/www.anamt.org.br\/portal\/wp-content\/uploads\/2024\/03\/anm3-768x1016.jpg 768w, https:\/\/www.anamt.org.br\/portal\/wp-content\/uploads\/2024\/03\/anm3-774x1024.jpg 774w, https:\/\/www.anamt.org.br\/portal\/wp-content\/uploads\/2024\/03\/anm3-800x1058.jpg 800w, https:\/\/www.anamt.org.br\/portal\/wp-content\/uploads\/2024\/03\/anm3.jpg 879w\" sizes=\"(max-width: 400px) 100vw, 400px\" \/><\/p>\n<p>&nbsp;<\/p>\n<p>&nbsp;<\/p>\n","protected":false},"excerpt":{"rendered":"<p>O presidente da ANAMT, Dr. Francisco Cortes Fernandes, participou da solenidade de posse da diretoria da Academia Nacional de Medicina (ANM), realizada no Rio de Janeiro (RJ) no dia 7 de mar\u00e7o. Eliete Bouskela foi eleita a primeira presidente mulher da Academia, que tem 194 anos de funda\u00e7\u00e3o. Entre os participantes da solenidade, o presidente [&hellip;]<\/p>\n","protected":false},"author":5,"featured_media":49655,"comment_status":"closed","ping_status":"closed","sticky":false,"template":"","format":"standard","meta":{"footnotes":""},"categories":[77,8],"tags":[],"_links":{"self":[{"href":"https:\/\/www.anamt.org.br\/portal\/wp-json\/wp\/v2\/posts\/49654"}],"collection":[{"href":"https:\/\/www.anamt.org.br\/portal\/wp-json\/wp\/v2\/posts"}],"about":[{"href":"https:\/\/www.anamt.org.br\/portal\/wp-json\/wp\/v2\/types\/post"}],"author":[{"embeddable":true,"href":"https:\/\/www.anamt.org.br\/portal\/wp-json\/wp\/v2\/users\/5"}],"replies":[{"embeddable":true,"href":"https:\/\/www.anamt.org.br\/portal\/wp-json\/wp\/v2\/comments?post=49654"}],"version-history":[{"count":2,"href":"https:\/\/www.anamt.org.br\/portal\/wp-json\/wp\/v2\/posts\/49654\/revisions"}],"predecessor-version":[{"id":49664,"href":"https:\/\/www.anamt.org.br\/portal\/wp-json\/wp\/v2\/posts\/49654\/revisions\/49664"}],"wp:featuredmedia":[{"embeddable":true,"href":"https:\/\/www.anamt.org.br\/portal\/wp-json\/wp\/v2\/media\/49655"}],"wp:attachment":[{"href":"https:\/\/www.anamt.org.br\/portal\/wp-json\/wp\/v2\/media?parent=49654"}],"wp:term":[{"taxonomy":"category","embeddable":true,"href":"https:\/\/www.anamt.org.br\/portal\/wp-json\/wp\/v2\/categories?post=49654"},{"taxonomy":"post_tag","embeddable":true,"href":"https:\/\/www.anamt.org.br\/portal\/wp-json\/wp\/v2\/tags?post=49654"}],"curies":[{"name":"wp","href":"https:\/\/api.w.org\/{rel}","templated":true}]}}