{"id":49639,"date":"2024-03-07T17:54:22","date_gmt":"2024-03-07T20:54:22","guid":{"rendered":"https:\/\/www.anamt.org.br\/portal\/?p=49639"},"modified":"2024-03-07T17:54:22","modified_gmt":"2024-03-07T20:54:22","slug":"anamt-celebra-o-dia-internacional-da-mulher","status":"publish","type":"post","link":"https:\/\/www.anamt.org.br\/portal\/2024\/03\/07\/anamt-celebra-o-dia-internacional-da-mulher\/","title":{"rendered":"ANAMT celebra o Dia Internacional da Mulher"},"content":{"rendered":"<p>A ANAMT celebra, nesta sexta-feira (08\/03), o Dia Internacional da Mulher com uma corrente de homenagens. Neste dia t\u00e3o especial, a associa\u00e7\u00e3o decidiu abrir um espa\u00e7o para os seguidores reverenciarem uma figura feminina que foi especial em suas vidas, principalmente no \u00e2mbito profissional. A a\u00e7\u00e3o possui o intuito de encher a caixa de coment\u00e1rios com declara\u00e7\u00f5es emocionantes e inspirar novos sonhos.<\/p>\n<p>Para mais informa\u00e7\u00f5es, fique por dentro de nossas redes (<a href=\"http:\/\/www.instagram.com\/anamt_brasil\" target=\"_blank\" rel=\"noopener\">@anamt_brasil<\/a>). Participe j\u00e1 dessa corrente e homenageie uma pessoa amada!<\/p>\n","protected":false},"excerpt":{"rendered":"<p>A ANAMT celebra, nesta sexta-feira (08\/03), o Dia Internacional da Mulher com uma corrente de homenagens. Neste dia t\u00e3o especial, a associa\u00e7\u00e3o decidiu abrir um espa\u00e7o para os seguidores reverenciarem uma figura feminina que foi especial em suas vidas, principalmente no \u00e2mbito profissional. A a\u00e7\u00e3o possui o intuito de encher a caixa de coment\u00e1rios com [&hellip;]<\/p>\n","protected":false},"author":5,"featured_media":48293,"comment_status":"closed","ping_status":"closed","sticky":false,"template":"","format":"standard","meta":{"footnotes":""},"categories":[77,8],"tags":[],"_links":{"self":[{"href":"https:\/\/www.anamt.org.br\/portal\/wp-json\/wp\/v2\/posts\/49639"}],"collection":[{"href":"https:\/\/www.anamt.org.br\/portal\/wp-json\/wp\/v2\/posts"}],"about":[{"href":"https:\/\/www.anamt.org.br\/portal\/wp-json\/wp\/v2\/types\/post"}],"author":[{"embeddable":true,"href":"https:\/\/www.anamt.org.br\/portal\/wp-json\/wp\/v2\/users\/5"}],"replies":[{"embeddable":true,"href":"https:\/\/www.anamt.org.br\/portal\/wp-json\/wp\/v2\/comments?post=49639"}],"version-history":[{"count":1,"href":"https:\/\/www.anamt.org.br\/portal\/wp-json\/wp\/v2\/posts\/49639\/revisions"}],"predecessor-version":[{"id":49640,"href":"https:\/\/www.anamt.org.br\/portal\/wp-json\/wp\/v2\/posts\/49639\/revisions\/49640"}],"wp:featuredmedia":[{"embeddable":true,"href":"https:\/\/www.anamt.org.br\/portal\/wp-json\/wp\/v2\/media\/48293"}],"wp:attachment":[{"href":"https:\/\/www.anamt.org.br\/portal\/wp-json\/wp\/v2\/media?parent=49639"}],"wp:term":[{"taxonomy":"category","embeddable":true,"href":"https:\/\/www.anamt.org.br\/portal\/wp-json\/wp\/v2\/categories?post=49639"},{"taxonomy":"post_tag","embeddable":true,"href":"https:\/\/www.anamt.org.br\/portal\/wp-json\/wp\/v2\/tags?post=49639"}],"curies":[{"name":"wp","href":"https:\/\/api.w.org\/{rel}","templated":true}]}}