{"id":49622,"date":"2024-03-01T11:42:35","date_gmt":"2024-03-01T14:42:35","guid":{"rendered":"https:\/\/www.anamt.org.br\/portal\/?p=49622"},"modified":"2024-03-01T11:42:35","modified_gmt":"2024-03-01T14:42:35","slug":"nota-de-falecimento-dr-jorge-seichi-kikuchi","status":"publish","type":"post","link":"https:\/\/www.anamt.org.br\/portal\/2024\/03\/01\/nota-de-falecimento-dr-jorge-seichi-kikuchi\/","title":{"rendered":"Nota de falecimento &#8211; Dr. Jorge Seichi Kikuchi"},"content":{"rendered":"<p><img decoding=\"async\" class=\"size-medium wp-image-49623 alignleft\" src=\"https:\/\/www.anamt.org.br\/portal\/wp-content\/uploads\/2024\/03\/FOTO-JORGE-191x300.jpg\" alt=\"\" width=\"191\" height=\"300\" srcset=\"https:\/\/www.anamt.org.br\/portal\/wp-content\/uploads\/2024\/03\/FOTO-JORGE-191x300.jpg 191w, https:\/\/www.anamt.org.br\/portal\/wp-content\/uploads\/2024\/03\/FOTO-JORGE-200x314.jpg 200w, https:\/\/www.anamt.org.br\/portal\/wp-content\/uploads\/2024\/03\/FOTO-JORGE-400x628.jpg 400w, https:\/\/www.anamt.org.br\/portal\/wp-content\/uploads\/2024\/03\/FOTO-JORGE-600x943.jpg 600w, https:\/\/www.anamt.org.br\/portal\/wp-content\/uploads\/2024\/03\/FOTO-JORGE-652x1024.jpg 652w, https:\/\/www.anamt.org.br\/portal\/wp-content\/uploads\/2024\/03\/FOTO-JORGE-768x1207.jpg 768w, https:\/\/www.anamt.org.br\/portal\/wp-content\/uploads\/2024\/03\/FOTO-JORGE-800x1257.jpg 800w, https:\/\/www.anamt.org.br\/portal\/wp-content\/uploads\/2024\/03\/FOTO-JORGE-978x1536.jpg 978w, https:\/\/www.anamt.org.br\/portal\/wp-content\/uploads\/2024\/03\/FOTO-JORGE.jpg 1124w\" sizes=\"(max-width: 191px) 100vw, 191px\" \/><\/p>\n<p>Com imenso pesar, a ANAMT comunica o falecimento de Dr. Jorge Seichi Kikuchi, m\u00e9dico do trabalho associado da ANAMT desde 2009. A Associa\u00e7\u00e3o manifesta suas condol\u00eancias e se solidariza com amigos, parentes e colegas de Dr. Jorge nesse momento dif\u00edcil.<\/p>\n","protected":false},"excerpt":{"rendered":"<p>Com imenso pesar, a ANAMT comunica o falecimento de Dr. Jorge Seichi Kikuchi, m\u00e9dico do trabalho associado da ANAMT desde 2009. A Associa\u00e7\u00e3o manifesta suas condol\u00eancias e se solidariza com amigos, parentes e colegas de Dr. Jorge nesse momento dif\u00edcil.<\/p>\n","protected":false},"author":5,"featured_media":48298,"comment_status":"closed","ping_status":"closed","sticky":false,"template":"","format":"standard","meta":{"footnotes":""},"categories":[77,8],"tags":[],"_links":{"self":[{"href":"https:\/\/www.anamt.org.br\/portal\/wp-json\/wp\/v2\/posts\/49622"}],"collection":[{"href":"https:\/\/www.anamt.org.br\/portal\/wp-json\/wp\/v2\/posts"}],"about":[{"href":"https:\/\/www.anamt.org.br\/portal\/wp-json\/wp\/v2\/types\/post"}],"author":[{"embeddable":true,"href":"https:\/\/www.anamt.org.br\/portal\/wp-json\/wp\/v2\/users\/5"}],"replies":[{"embeddable":true,"href":"https:\/\/www.anamt.org.br\/portal\/wp-json\/wp\/v2\/comments?post=49622"}],"version-history":[{"count":1,"href":"https:\/\/www.anamt.org.br\/portal\/wp-json\/wp\/v2\/posts\/49622\/revisions"}],"predecessor-version":[{"id":49624,"href":"https:\/\/www.anamt.org.br\/portal\/wp-json\/wp\/v2\/posts\/49622\/revisions\/49624"}],"wp:featuredmedia":[{"embeddable":true,"href":"https:\/\/www.anamt.org.br\/portal\/wp-json\/wp\/v2\/media\/48298"}],"wp:attachment":[{"href":"https:\/\/www.anamt.org.br\/portal\/wp-json\/wp\/v2\/media?parent=49622"}],"wp:term":[{"taxonomy":"category","embeddable":true,"href":"https:\/\/www.anamt.org.br\/portal\/wp-json\/wp\/v2\/categories?post=49622"},{"taxonomy":"post_tag","embeddable":true,"href":"https:\/\/www.anamt.org.br\/portal\/wp-json\/wp\/v2\/tags?post=49622"}],"curies":[{"name":"wp","href":"https:\/\/api.w.org\/{rel}","templated":true}]}}