{"id":49619,"date":"2024-03-01T10:35:45","date_gmt":"2024-03-01T13:35:45","guid":{"rendered":"https:\/\/www.anamt.org.br\/portal\/?p=49619"},"modified":"2024-05-16T15:28:44","modified_gmt":"2024-05-16T18:28:44","slug":"apamt-realiza-i-simposio-de-saude-suplementar-e-saude-do-trabalhador-nas-empresas","status":"publish","type":"post","link":"https:\/\/www.anamt.org.br\/portal\/2024\/03\/01\/apamt-realiza-i-simposio-de-saude-suplementar-e-saude-do-trabalhador-nas-empresas\/","title":{"rendered":"APAMT realiza I Simp\u00f3sio de Sa\u00fade Suplementar e Sa\u00fade do Trabalhador nas Empresas"},"content":{"rendered":"<p>Entre os dias 12 a 14 de abril, a Associa\u00e7\u00e3o Paranaense de Medicina do Trabalho (APAMT) realizar\u00e1 o I Simp\u00f3sio de Sa\u00fade Suplementar e Sa\u00fade do Trabalhador nas Empresas. O evento, que ser\u00e1 online, est\u00e1 com inscri\u00e7\u00f5es abertas at\u00e9 9 de abril e pontua em seis pontos na Prova de T\u00edtulo de Especialista em Medicina do Trabalho da ANAMT.<\/p>\n<p>A programa\u00e7\u00e3o preliminar segue abaixo. Mais informa\u00e7\u00f5es e inscri\u00e7\u00f5es, no <a href=\"https:\/\/www.apamt.org.br\/evento.php?evento=160\" target=\"_blank\" rel=\"noopener\">site da APAMT<\/a>.<\/p>\n<p>SEXTA-FEIRA (12 de abril)<\/p>\n<p>19h &#8211; 20h: Sa\u00fade Suplementar &#8211; Desafios e oportunidades para o sistema dos planos coletivos empresariais &#8211; Dr. Guilherme Augusto Murta (PR)<\/p>\n<p>20h &#8211; 21h: Preven\u00e7\u00e3o e Promo\u00e7\u00e3o \u00e0 Sa\u00fade nas ind\u00fastrias \u2013 Dra. Lucimara Roldan Boaretti (PR)<\/p>\n<p>21h &#8211; 22h: Perguntas<\/p>\n<p>S\u00c1BADO (13 de abril)<\/p>\n<p>09h &#8211; 10h: Absente\u00edsmo e Sinistralidade: como a gest\u00e3o ocupacional ajuda a reduzir custos \u2013 Dr. Jean Alexandre Corr\u00eaa Vieira (PR)<\/p>\n<p>10h &#8211; 11h: Medicina Preventiva e APS: o futuro da Sa\u00fade Suplementar \u2013 Dr. Paulo Roberto Z\u00e9tola (PR)<\/p>\n<p>11h &#8211; 12h: Perguntas<\/p>\n<p><img decoding=\"async\" class=\"aligncenter wp-image-49620 size-fusion-600\" src=\"https:\/\/www.anamt.org.br\/portal\/wp-content\/uploads\/2024\/03\/card_01-600x600.png\" alt=\"\" width=\"600\" height=\"600\" srcset=\"https:\/\/www.anamt.org.br\/portal\/wp-content\/uploads\/2024\/03\/card_01-66x66.png 66w, https:\/\/www.anamt.org.br\/portal\/wp-content\/uploads\/2024\/03\/card_01-150x150.png 150w, https:\/\/www.anamt.org.br\/portal\/wp-content\/uploads\/2024\/03\/card_01-200x200.png 200w, https:\/\/www.anamt.org.br\/portal\/wp-content\/uploads\/2024\/03\/card_01-300x300.png 300w, https:\/\/www.anamt.org.br\/portal\/wp-content\/uploads\/2024\/03\/card_01-400x400.png 400w, https:\/\/www.anamt.org.br\/portal\/wp-content\/uploads\/2024\/03\/card_01-600x600.png 600w, https:\/\/www.anamt.org.br\/portal\/wp-content\/uploads\/2024\/03\/card_01-768x768.png 768w, https:\/\/www.anamt.org.br\/portal\/wp-content\/uploads\/2024\/03\/card_01-800x800.png 800w, https:\/\/www.anamt.org.br\/portal\/wp-content\/uploads\/2024\/03\/card_01-1024x1024.png 1024w, https:\/\/www.anamt.org.br\/portal\/wp-content\/uploads\/2024\/03\/card_01.png 1080w\" sizes=\"(max-width: 600px) 100vw, 600px\" \/><\/p>\n","protected":false},"excerpt":{"rendered":"<p>Entre os dias 12 a 14 de abril, a Associa\u00e7\u00e3o Paranaense de Medicina do Trabalho (APAMT) realizar\u00e1 o I Simp\u00f3sio de Sa\u00fade Suplementar e Sa\u00fade do Trabalhador nas Empresas. O evento, que ser\u00e1 online, est\u00e1 com inscri\u00e7\u00f5es abertas at\u00e9 9 de abril e pontua em seis pontos na Prova de T\u00edtulo de Especialista em Medicina [&hellip;]<\/p>\n","protected":false},"author":5,"featured_media":48339,"comment_status":"closed","ping_status":"closed","sticky":false,"template":"","format":"standard","meta":{"footnotes":""},"categories":[78,217,77,8],"tags":[],"_links":{"self":[{"href":"https:\/\/www.anamt.org.br\/portal\/wp-json\/wp\/v2\/posts\/49619"}],"collection":[{"href":"https:\/\/www.anamt.org.br\/portal\/wp-json\/wp\/v2\/posts"}],"about":[{"href":"https:\/\/www.anamt.org.br\/portal\/wp-json\/wp\/v2\/types\/post"}],"author":[{"embeddable":true,"href":"https:\/\/www.anamt.org.br\/portal\/wp-json\/wp\/v2\/users\/5"}],"replies":[{"embeddable":true,"href":"https:\/\/www.anamt.org.br\/portal\/wp-json\/wp\/v2\/comments?post=49619"}],"version-history":[{"count":1,"href":"https:\/\/www.anamt.org.br\/portal\/wp-json\/wp\/v2\/posts\/49619\/revisions"}],"predecessor-version":[{"id":49621,"href":"https:\/\/www.anamt.org.br\/portal\/wp-json\/wp\/v2\/posts\/49619\/revisions\/49621"}],"wp:featuredmedia":[{"embeddable":true,"href":"https:\/\/www.anamt.org.br\/portal\/wp-json\/wp\/v2\/media\/48339"}],"wp:attachment":[{"href":"https:\/\/www.anamt.org.br\/portal\/wp-json\/wp\/v2\/media?parent=49619"}],"wp:term":[{"taxonomy":"category","embeddable":true,"href":"https:\/\/www.anamt.org.br\/portal\/wp-json\/wp\/v2\/categories?post=49619"},{"taxonomy":"post_tag","embeddable":true,"href":"https:\/\/www.anamt.org.br\/portal\/wp-json\/wp\/v2\/tags?post=49619"}],"curies":[{"name":"wp","href":"https:\/\/api.w.org\/{rel}","templated":true}]}}