{"id":49601,"date":"2024-02-26T08:17:22","date_gmt":"2024-02-26T11:17:22","guid":{"rendered":"https:\/\/www.anamt.org.br\/portal\/?p=49601"},"modified":"2024-02-26T08:17:22","modified_gmt":"2024-02-26T11:17:22","slug":"cfm-divulga-carta-em-defesa-da-honra-e-dignidade-dos-medicos-atingidos-por-charge-da-folha","status":"publish","type":"post","link":"https:\/\/www.anamt.org.br\/portal\/2024\/02\/26\/cfm-divulga-carta-em-defesa-da-honra-e-dignidade-dos-medicos-atingidos-por-charge-da-folha\/","title":{"rendered":"CFM divulga carta em defesa da honra e dignidade dos m\u00e9dicos, atingidos por charge da Folha"},"content":{"rendered":"<p>O presidente do Conselho Federal de Medicina (CFM), Jos\u00e9 Hiran Gallo, divulgou, neste domingo (25), carta com cr\u00edticas \u00e0 charge publicada na p\u00e1gina 2 da edi\u00e7\u00e3o da Folha de S. Paulo de s\u00e1bado que equipara m\u00e9dicos a estupradores. Ele pede que o jornal publique o documento em respeito \u00e0 honra e \u00e0 dignidade dos mais de 560 mil m\u00e9dicos brasileiros.<\/p>\n<p><a href=\"https:\/\/portal.cfm.org.br\/wp-content\/uploads\/2024\/02\/9ba051d0-b24b-46e5-9a0e-416d14f972f1.jpeg\" target=\"_blank\" rel=\"noopener\">ACESSE A \u00cdNTEGRA DA CARTA AQUI<\/a><\/p>\n<p>No documento, Gallo manifestou seu veemente protesto contra a percep\u00e7\u00e3o presente na ilustra\u00e7\u00e3o a qual foi de forma equivocada estendida \u00e0 integridade da classe.<\/p>\n<p>\u201cOs profissionais da medicina se sentiram atingidos em sua dignidade e reputa\u00e7\u00e3o ao serem comparados a criminosos que merecem o rigor da Justi\u00e7a. Essa \u00e9 uma atitude injusta e inadmiss\u00edvel, pois agride a imagem e a honra de milhares\u201d, afirmou o presidente do CFM.<\/p>\n<p>Segundo ele, trata-se de um grupo numerosos de homens e mulheres que, em sua imensa maioria, pautam suas a\u00e7\u00f5es, diariamente, em princ\u00edpios e valores baseados na \u00e9tica, solidariedade e respeito ao ser humano.<\/p>\n<p>\u201cAssim, convidamos esse importante ve\u00edculo de comunica\u00e7\u00e3o e seus jornalistas a conhecerem um pouco mais do trabalho realizado pelo m\u00e9dicos brasileiros, manifesto nas linhas de frente de atendimento contra a covid-19 e a dengue, dentre outros momentos\u201d, disse.<\/p>\n<p>Por fim, o presidente do CFM se colocou \u00e0 disposi\u00e7\u00e3o para outros esclarecimentos e conclamou a sociedade brasileira, em especial a imprensa, \u00e0 valoriza\u00e7\u00e3o desses milhares de homens e mulheres de bem, os quais s\u00e3o essenciais para o Pa\u00eds.<\/p>\n<p><em>Fonte: Conselho Federal de Medicina<\/em><\/p>\n","protected":false},"excerpt":{"rendered":"<p>O presidente do Conselho Federal de Medicina (CFM), Jos\u00e9 Hiran Gallo, divulgou, neste domingo (25), carta com cr\u00edticas \u00e0 charge publicada na p\u00e1gina 2 da edi\u00e7\u00e3o da Folha de S. Paulo de s\u00e1bado que equipara m\u00e9dicos a estupradores. Ele pede que o jornal publique o documento em respeito \u00e0 honra e \u00e0 dignidade dos mais [&hellip;]<\/p>\n","protected":false},"author":5,"featured_media":41066,"comment_status":"closed","ping_status":"closed","sticky":false,"template":"","format":"standard","meta":{"footnotes":""},"categories":[77,8],"tags":[],"_links":{"self":[{"href":"https:\/\/www.anamt.org.br\/portal\/wp-json\/wp\/v2\/posts\/49601"}],"collection":[{"href":"https:\/\/www.anamt.org.br\/portal\/wp-json\/wp\/v2\/posts"}],"about":[{"href":"https:\/\/www.anamt.org.br\/portal\/wp-json\/wp\/v2\/types\/post"}],"author":[{"embeddable":true,"href":"https:\/\/www.anamt.org.br\/portal\/wp-json\/wp\/v2\/users\/5"}],"replies":[{"embeddable":true,"href":"https:\/\/www.anamt.org.br\/portal\/wp-json\/wp\/v2\/comments?post=49601"}],"version-history":[{"count":1,"href":"https:\/\/www.anamt.org.br\/portal\/wp-json\/wp\/v2\/posts\/49601\/revisions"}],"predecessor-version":[{"id":49602,"href":"https:\/\/www.anamt.org.br\/portal\/wp-json\/wp\/v2\/posts\/49601\/revisions\/49602"}],"wp:featuredmedia":[{"embeddable":true,"href":"https:\/\/www.anamt.org.br\/portal\/wp-json\/wp\/v2\/media\/41066"}],"wp:attachment":[{"href":"https:\/\/www.anamt.org.br\/portal\/wp-json\/wp\/v2\/media?parent=49601"}],"wp:term":[{"taxonomy":"category","embeddable":true,"href":"https:\/\/www.anamt.org.br\/portal\/wp-json\/wp\/v2\/categories?post=49601"},{"taxonomy":"post_tag","embeddable":true,"href":"https:\/\/www.anamt.org.br\/portal\/wp-json\/wp\/v2\/tags?post=49601"}],"curies":[{"name":"wp","href":"https:\/\/api.w.org\/{rel}","templated":true}]}}