{"id":49596,"date":"2024-02-23T13:14:00","date_gmt":"2024-02-23T16:14:00","guid":{"rendered":"https:\/\/www.anamt.org.br\/portal\/?p=49596"},"modified":"2024-04-04T08:16:26","modified_gmt":"2024-04-04T11:16:26","slug":"anamt-apresenta-impugnacao-a-edital-de-concurso-da-caixa-economica-federal","status":"publish","type":"post","link":"https:\/\/www.anamt.org.br\/portal\/2024\/02\/23\/anamt-apresenta-impugnacao-a-edital-de-concurso-da-caixa-economica-federal\/","title":{"rendered":"ANAMT apresenta impugna\u00e7\u00e3o a edital de concurso da Caixa Econ\u00f4mica Federal"},"content":{"rendered":"<p>O Departamento Jur\u00eddico da ANAMT apresentou nesta quinta (22) uma impugna\u00e7\u00e3o ao <a href=\"https:\/\/concursos.cesgranrio.org.br\/portal\/avaliacoes\/11\" target=\"_blank\" rel=\"noopener\">Edital n\u00ba 1\/2024<\/a> do Concurso P\u00fablico da Caixa Econ\u00f4mica Federal, com vagas para m\u00e9dico do trabalho. O certame n\u00e3o tem o T\u00edtulo de Especialista em Medicina do Trabalho como pr\u00e9-requisito. A entidade se colocou \u00e0 disposi\u00e7\u00e3o da Cesgranrio, organizadora do concurso, para contato e esclarecimentos.<\/p>\n","protected":false},"excerpt":{"rendered":"<p>O Departamento Jur\u00eddico da ANAMT apresentou nesta quinta (22) uma impugna\u00e7\u00e3o ao Edital n\u00ba 1\/2024 do Concurso P\u00fablico da Caixa Econ\u00f4mica Federal, com vagas para m\u00e9dico do trabalho. O certame n\u00e3o tem o T\u00edtulo de Especialista em Medicina do Trabalho como pr\u00e9-requisito. A entidade se colocou \u00e0 disposi\u00e7\u00e3o da Cesgranrio, organizadora do concurso, para contato [&hellip;]<\/p>\n","protected":false},"author":5,"featured_media":48293,"comment_status":"closed","ping_status":"closed","sticky":false,"template":"","format":"standard","meta":{"footnotes":""},"categories":[267,77,8],"tags":[],"_links":{"self":[{"href":"https:\/\/www.anamt.org.br\/portal\/wp-json\/wp\/v2\/posts\/49596"}],"collection":[{"href":"https:\/\/www.anamt.org.br\/portal\/wp-json\/wp\/v2\/posts"}],"about":[{"href":"https:\/\/www.anamt.org.br\/portal\/wp-json\/wp\/v2\/types\/post"}],"author":[{"embeddable":true,"href":"https:\/\/www.anamt.org.br\/portal\/wp-json\/wp\/v2\/users\/5"}],"replies":[{"embeddable":true,"href":"https:\/\/www.anamt.org.br\/portal\/wp-json\/wp\/v2\/comments?post=49596"}],"version-history":[{"count":2,"href":"https:\/\/www.anamt.org.br\/portal\/wp-json\/wp\/v2\/posts\/49596\/revisions"}],"predecessor-version":[{"id":49600,"href":"https:\/\/www.anamt.org.br\/portal\/wp-json\/wp\/v2\/posts\/49596\/revisions\/49600"}],"wp:featuredmedia":[{"embeddable":true,"href":"https:\/\/www.anamt.org.br\/portal\/wp-json\/wp\/v2\/media\/48293"}],"wp:attachment":[{"href":"https:\/\/www.anamt.org.br\/portal\/wp-json\/wp\/v2\/media?parent=49596"}],"wp:term":[{"taxonomy":"category","embeddable":true,"href":"https:\/\/www.anamt.org.br\/portal\/wp-json\/wp\/v2\/categories?post=49596"},{"taxonomy":"post_tag","embeddable":true,"href":"https:\/\/www.anamt.org.br\/portal\/wp-json\/wp\/v2\/tags?post=49596"}],"curies":[{"name":"wp","href":"https:\/\/api.w.org\/{rel}","templated":true}]}}