{"id":49594,"date":"2024-02-22T11:58:09","date_gmt":"2024-02-22T14:58:09","guid":{"rendered":"https:\/\/www.anamt.org.br\/portal\/?p=49594"},"modified":"2024-02-22T11:58:09","modified_gmt":"2024-02-22T14:58:09","slug":"como-iniciar-uma-empresa-de-saude-ocupacional-foi-o-assunto-do-webinario-da-anamt-com-acesso-aberto-para-nao-associados","status":"publish","type":"post","link":"https:\/\/www.anamt.org.br\/portal\/2024\/02\/22\/como-iniciar-uma-empresa-de-saude-ocupacional-foi-o-assunto-do-webinario-da-anamt-com-acesso-aberto-para-nao-associados\/","title":{"rendered":"Como iniciar uma empresa de Sa\u00fade Ocupacional foi o assunto do webin\u00e1rio da ANAMT, com acesso aberto para n\u00e3o associados"},"content":{"rendered":"<p>\u2018Planejando o in\u00edcio da sua Empresa de Sa\u00fade Ocupacional: Estrat\u00e9gias e Valoriza\u00e7\u00e3o\u2019 foi o tema apresentado pelo m\u00e9dico do trabalho Dr. Leonardo Costenaro Sato, de Joinville (SC), no webin\u00e1rio da ANAMT Virtual, transmitido ao vivo no dia 20 de fevereiro. Dr. Sato, que tem MBA em Gest\u00e3o de Sa\u00fade pela Funda\u00e7\u00e3o Get\u00falio Vargas (FGV), \u00e9 s\u00f3cio e m\u00e9dico coordenador na Labore Sa\u00fade Ocupacional, empresa especializada em Sa\u00fade e Seguran\u00e7a do Trabalho. M\u00e9dicos n\u00e3o associados da ANAMT tiveram acesso liberado para conhecerem a plataforma e <a href=\"https:\/\/www.anamt.org.br\/portal\/2024\/02\/11\/campanha-de-degustacao-da-anamt-virtual-tera-conteudos-educacionais-com-acesso-liberado-a-todos\/\" target=\"_blank\" rel=\"noopener\"><strong>podem acessar outros conte\u00fados abertos at\u00e9 o dia 29 de fevereiro<\/strong><\/a>.<\/p>\n<p>Antes da apresenta\u00e7\u00e3o do palestrante, Dra. Rosylane Rocha, diretora cient\u00edfica da Associa\u00e7\u00e3o, destacou as a\u00e7\u00f5es da ANAMT para valoriza\u00e7\u00e3o da medicina do trabalho, falou de conquistas e dos produtos cient\u00edficos desenvolvidos pela Associa\u00e7\u00e3o para levar conhecimento aos profissionais, como cursos, podcasts e webin\u00e1rios, entre outras a\u00e7\u00f5es.<\/p>\n<p>Dra. Rosylane, que coordenou o webin\u00e1rio, ressaltou que a ANAMT considera importante que m\u00e9dicos do trabalho n\u00e3o associados \u00e0 entidade possam acessar a plataforma virtual para conhecer o conte\u00fado produzido em prol da atualiza\u00e7\u00e3o dos m\u00e9dicos, um grande avan\u00e7o da ANAMT. \u201cMuitos colegas m\u00e9dicos de cidades do interior n\u00e3o conseguem participar de reuni\u00f5es cient\u00edficas. Oferecemos 78 produtos gratuitos, seis cursos, nove turmas com muita participa\u00e7\u00e3o e muito retorno\u201d, acentuou Dra. Rosylane.<\/p>\n<p>Ela salientou alguns pontos: \u201cEstamos no streaming do Spotify e temos mais de 1300 seguidores. \u00c9 algo que facilita o m\u00e9dico porque ele pode ouvir no tr\u00e2nsito, na academia, fazendo uma tarefa em casa, se atualizando. A ANAMT capilarizou conhecimento e foi at\u00e9 o m\u00e9dico l\u00e1 na ponta com essa maravilhosa plataforma. Queremos que voc\u00eas compartilhem com outros colegas m\u00e9dicos para que eles acessem tamb\u00e9m\u201d, pontuou a diretora cient\u00edfica.<\/p>\n<p>Dr. Leonardo Sato iniciou a palestra com proposta interativa, apresentando duas perguntas e suas respostas em tempo real. Entre os participantes, por exemplo, havia s\u00f3cios propriet\u00e1rios de empresas de sa\u00fade ocupacional e m\u00e9dicos interessados em empreender.<\/p>\n<p>Ao longo da palestra, Dr. Sato falou sobre pontos importantes para a abertura e manuten\u00e7\u00e3o de uma empresa de sa\u00fade ocupacional bem-sucedida, que atenda os principais requisitos t\u00e9cnicos e normativos legais. Entre os temas abordados, ressaltou a import\u00e2ncia dos investimentos em infraestrutura e tecnologia que possam facilitar a gest\u00e3o dos processos da empresa. \u201cTem que pensar no espa\u00e7o f\u00edsico adequado e na estrutura\u00e7\u00e3o de consult\u00f3rios de acordo com as normativas\u201d, assinalou o m\u00e9dico.<\/p>\n<p>Rotina de atendimento, contrata\u00e7\u00e3o de equipe especializada multidisciplinar, contando com administrador, contador, TI e RH, por exemplo, foi um dos aspectos tratados. Ele ainda falou sobre a import\u00e2ncia do treinamento cont\u00ednuo para atualiza\u00e7\u00e3o, aplica\u00e7\u00e3o de melhores pr\u00e1ticas e protocolos eficientes, al\u00e9m da preocupa\u00e7\u00e3o com a inova\u00e7\u00e3o constante, foram alguns pontos abordados ao longo da palestra.<\/p>\n","protected":false},"excerpt":{"rendered":"<p>\u2018Planejando o in\u00edcio da sua Empresa de Sa\u00fade Ocupacional: Estrat\u00e9gias e Valoriza\u00e7\u00e3o\u2019 foi o tema apresentado pelo m\u00e9dico do trabalho Dr. Leonardo Costenaro Sato, de Joinville (SC), no webin\u00e1rio da ANAMT Virtual, transmitido ao vivo no dia 20 de fevereiro. Dr. Sato, que tem MBA em Gest\u00e3o de Sa\u00fade pela Funda\u00e7\u00e3o Get\u00falio Vargas (FGV), \u00e9 [&hellip;]<\/p>\n","protected":false},"author":5,"featured_media":48059,"comment_status":"closed","ping_status":"closed","sticky":false,"template":"","format":"standard","meta":{"footnotes":""},"categories":[77,8],"tags":[],"_links":{"self":[{"href":"https:\/\/www.anamt.org.br\/portal\/wp-json\/wp\/v2\/posts\/49594"}],"collection":[{"href":"https:\/\/www.anamt.org.br\/portal\/wp-json\/wp\/v2\/posts"}],"about":[{"href":"https:\/\/www.anamt.org.br\/portal\/wp-json\/wp\/v2\/types\/post"}],"author":[{"embeddable":true,"href":"https:\/\/www.anamt.org.br\/portal\/wp-json\/wp\/v2\/users\/5"}],"replies":[{"embeddable":true,"href":"https:\/\/www.anamt.org.br\/portal\/wp-json\/wp\/v2\/comments?post=49594"}],"version-history":[{"count":1,"href":"https:\/\/www.anamt.org.br\/portal\/wp-json\/wp\/v2\/posts\/49594\/revisions"}],"predecessor-version":[{"id":49595,"href":"https:\/\/www.anamt.org.br\/portal\/wp-json\/wp\/v2\/posts\/49594\/revisions\/49595"}],"wp:featuredmedia":[{"embeddable":true,"href":"https:\/\/www.anamt.org.br\/portal\/wp-json\/wp\/v2\/media\/48059"}],"wp:attachment":[{"href":"https:\/\/www.anamt.org.br\/portal\/wp-json\/wp\/v2\/media?parent=49594"}],"wp:term":[{"taxonomy":"category","embeddable":true,"href":"https:\/\/www.anamt.org.br\/portal\/wp-json\/wp\/v2\/categories?post=49594"},{"taxonomy":"post_tag","embeddable":true,"href":"https:\/\/www.anamt.org.br\/portal\/wp-json\/wp\/v2\/tags?post=49594"}],"curies":[{"name":"wp","href":"https:\/\/api.w.org\/{rel}","templated":true}]}}