{"id":49571,"date":"2024-02-11T11:21:43","date_gmt":"2024-02-11T14:21:43","guid":{"rendered":"https:\/\/www.anamt.org.br\/portal\/?p=49571"},"modified":"2024-02-15T10:48:46","modified_gmt":"2024-02-15T13:48:46","slug":"campanha-de-degustacao-da-anamt-virtual-tera-conteudos-educacionais-com-acesso-liberado-a-todos","status":"publish","type":"post","link":"https:\/\/www.anamt.org.br\/portal\/2024\/02\/11\/campanha-de-degustacao-da-anamt-virtual-tera-conteudos-educacionais-com-acesso-liberado-a-todos\/","title":{"rendered":"Campanha de Degusta\u00e7\u00e3o da ANAMT Virtual ter\u00e1 conte\u00fados educacionais com acesso liberado a todos"},"content":{"rendered":"<p>A ANAMT preparou uma oportunidade imperd\u00edvel para todos os m\u00e9dicos do trabalho. Durante os dias 19 e 29 de fevereiro, a plataforma de educa\u00e7\u00e3o continuada ANAMT Virtual \u2013 um benef\u00edcio exclusivo para os associados da entidade \u2013 vai estar com o acesso liberado em alguns conte\u00fados selecionados.<\/p>\n<p>Uma oportunidade para voc\u00ea atualizar seus conhecimentos com os melhores profissionais da \u00e1rea, com temas cuidadosamente selecionados e pertinentes \u00e0 sua pr\u00e1tica di\u00e1ria. Para participar, \u00e9 s\u00f3 clicar <a href=\"https:\/\/lp.anamt.org.br\/degustacao-anamt-virtual\/\" target=\"_blank\" rel=\"noopener\">neste link<\/a>\u00a0e se cadastrar!<\/p>\n<p>Durante a Campanha de Degusta\u00e7\u00e3o da ANAMT Virtual, voc\u00ea ter\u00e1 acesso liberado aos cursos:<\/p>\n<p>\u2022 Atualiza\u00e7\u00e3o sobre NR 32 &#8211; Seguran\u00e7a e Sa\u00fade no Trabalho em Servi\u00e7os de Sa\u00fade<\/p>\n<p>\u2022 PGR\/GRO na Pr\u00e1tica do M\u00e9dico do Trabalho<\/p>\n<p>\u2022 Telessa\u00fade<\/p>\n<p>\u2022 Mercado de Trabalho e Perspectivas para M\u00e9dicos do Trabalho<\/p>\n<p>\u2022 ANAMT Class: Exame M\u00e9dico Ocupacional &#8211; Parte 1<\/p>\n<p>No dia 20 de fevereiro, ser\u00e1 realizada uma nova edi\u00e7\u00e3o do Webin\u00e1rios ANAMT, \u00e0s 20h. Como parte da Campanha de Degusta\u00e7\u00e3o, a transmiss\u00e3o ser\u00e1 aberta ao p\u00fablico e vai abordar o tema \u201cPlanejando o in\u00edcio da sua empresa de sa\u00fade ocupacional: Estrat\u00e9gias e valoriza\u00e7\u00e3o. Ser\u00e1 ministrado pelo Dr. Leonardo Sato, M\u00e9dico do Trabalho, s\u00f3cio e m\u00e9dico coordenador na Labore Ocupacional. A coordena\u00e7\u00e3o ser\u00e1 da diretora cient\u00edfica da ANAMT, Dra. Rosylane Rocha.<\/p>\n<p>&nbsp;<\/p>\n","protected":false},"excerpt":{"rendered":"<p>A ANAMT preparou uma oportunidade imperd\u00edvel para todos os m\u00e9dicos do trabalho. Durante os dias 19 e 29 de fevereiro, a plataforma de educa\u00e7\u00e3o continuada ANAMT Virtual \u2013 um benef\u00edcio exclusivo para os associados da entidade \u2013 vai estar com o acesso liberado em alguns conte\u00fados selecionados. Uma oportunidade para voc\u00ea atualizar seus conhecimentos com [&hellip;]<\/p>\n","protected":false},"author":5,"featured_media":48059,"comment_status":"closed","ping_status":"closed","sticky":false,"template":"","format":"standard","meta":{"footnotes":""},"categories":[77,8],"tags":[],"_links":{"self":[{"href":"https:\/\/www.anamt.org.br\/portal\/wp-json\/wp\/v2\/posts\/49571"}],"collection":[{"href":"https:\/\/www.anamt.org.br\/portal\/wp-json\/wp\/v2\/posts"}],"about":[{"href":"https:\/\/www.anamt.org.br\/portal\/wp-json\/wp\/v2\/types\/post"}],"author":[{"embeddable":true,"href":"https:\/\/www.anamt.org.br\/portal\/wp-json\/wp\/v2\/users\/5"}],"replies":[{"embeddable":true,"href":"https:\/\/www.anamt.org.br\/portal\/wp-json\/wp\/v2\/comments?post=49571"}],"version-history":[{"count":2,"href":"https:\/\/www.anamt.org.br\/portal\/wp-json\/wp\/v2\/posts\/49571\/revisions"}],"predecessor-version":[{"id":49577,"href":"https:\/\/www.anamt.org.br\/portal\/wp-json\/wp\/v2\/posts\/49571\/revisions\/49577"}],"wp:featuredmedia":[{"embeddable":true,"href":"https:\/\/www.anamt.org.br\/portal\/wp-json\/wp\/v2\/media\/48059"}],"wp:attachment":[{"href":"https:\/\/www.anamt.org.br\/portal\/wp-json\/wp\/v2\/media?parent=49571"}],"wp:term":[{"taxonomy":"category","embeddable":true,"href":"https:\/\/www.anamt.org.br\/portal\/wp-json\/wp\/v2\/categories?post=49571"},{"taxonomy":"post_tag","embeddable":true,"href":"https:\/\/www.anamt.org.br\/portal\/wp-json\/wp\/v2\/tags?post=49571"}],"curies":[{"name":"wp","href":"https:\/\/api.w.org\/{rel}","templated":true}]}}