{"id":49561,"date":"2024-02-09T08:13:43","date_gmt":"2024-02-09T11:13:43","guid":{"rendered":"https:\/\/www.anamt.org.br\/portal\/?p=49561"},"modified":"2024-02-09T09:54:35","modified_gmt":"2024-02-09T12:54:35","slug":"anamt-participa-de-assembleia-da-also","status":"publish","type":"post","link":"https:\/\/www.anamt.org.br\/portal\/2024\/02\/09\/anamt-participa-de-assembleia-da-also\/","title":{"rendered":"ANAMT participa de assembleia da ALSO"},"content":{"rendered":"<p><img decoding=\"async\" class=\"aligncenter wp-image-49562 size-fusion-600\" src=\"https:\/\/www.anamt.org.br\/portal\/wp-content\/uploads\/2024\/02\/WhatsApp-Image-2024-02-08-at-21.37.17-600x342.jpeg\" alt=\"\" width=\"600\" height=\"342\" srcset=\"https:\/\/www.anamt.org.br\/portal\/wp-content\/uploads\/2024\/02\/WhatsApp-Image-2024-02-08-at-21.37.17-200x114.jpeg 200w, https:\/\/www.anamt.org.br\/portal\/wp-content\/uploads\/2024\/02\/WhatsApp-Image-2024-02-08-at-21.37.17-300x171.jpeg 300w, https:\/\/www.anamt.org.br\/portal\/wp-content\/uploads\/2024\/02\/WhatsApp-Image-2024-02-08-at-21.37.17-400x228.jpeg 400w, https:\/\/www.anamt.org.br\/portal\/wp-content\/uploads\/2024\/02\/WhatsApp-Image-2024-02-08-at-21.37.17-600x342.jpeg 600w, https:\/\/www.anamt.org.br\/portal\/wp-content\/uploads\/2024\/02\/WhatsApp-Image-2024-02-08-at-21.37.17-768x438.jpeg 768w, https:\/\/www.anamt.org.br\/portal\/wp-content\/uploads\/2024\/02\/WhatsApp-Image-2024-02-08-at-21.37.17-800x456.jpeg 800w, https:\/\/www.anamt.org.br\/portal\/wp-content\/uploads\/2024\/02\/WhatsApp-Image-2024-02-08-at-21.37.17-1024x584.jpeg 1024w, https:\/\/www.anamt.org.br\/portal\/wp-content\/uploads\/2024\/02\/WhatsApp-Image-2024-02-08-at-21.37.17-1200x684.jpeg 1200w, https:\/\/www.anamt.org.br\/portal\/wp-content\/uploads\/2024\/02\/WhatsApp-Image-2024-02-08-at-21.37.17-1536x876.jpeg 1536w, https:\/\/www.anamt.org.br\/portal\/wp-content\/uploads\/2024\/02\/WhatsApp-Image-2024-02-08-at-21.37.17.jpeg 1563w\" sizes=\"(max-width: 600px) 100vw, 600px\" \/><\/p>\n<p>O presidente da ANAMT, Dr. Francisco Cortes Fernandes, participou nesta quinta (8) de uma assembleia da Asociaci\u00f3n Latinoamericana de Salud Ocupacional (ALSO). Na ocasi\u00e3o, foram abordadas a realiza\u00e7\u00e3o de a\u00e7\u00f5es como webin\u00e1rios e interc\u00e2mbios entre as entidades de medicina do trabalho da Am\u00e9rica Latina. O Congresso da ALSO, que ser\u00e1 em Guadalajara (M\u00e9xico) em 2025, tamb\u00e9m foi um dos assuntos abordados.<\/p>\n","protected":false},"excerpt":{"rendered":"<p>O presidente da ANAMT, Dr. Francisco Cortes Fernandes, participou nesta quinta (8) de uma assembleia da Asociaci\u00f3n Latinoamericana de Salud Ocupacional (ALSO). Na ocasi\u00e3o, foram abordadas a realiza\u00e7\u00e3o de a\u00e7\u00f5es como webin\u00e1rios e interc\u00e2mbios entre as entidades de medicina do trabalho da Am\u00e9rica Latina. O Congresso da ALSO, que ser\u00e1 em Guadalajara (M\u00e9xico) em 2025, [&hellip;]<\/p>\n","protected":false},"author":5,"featured_media":49563,"comment_status":"closed","ping_status":"closed","sticky":false,"template":"","format":"standard","meta":{"footnotes":""},"categories":[77,8],"tags":[],"_links":{"self":[{"href":"https:\/\/www.anamt.org.br\/portal\/wp-json\/wp\/v2\/posts\/49561"}],"collection":[{"href":"https:\/\/www.anamt.org.br\/portal\/wp-json\/wp\/v2\/posts"}],"about":[{"href":"https:\/\/www.anamt.org.br\/portal\/wp-json\/wp\/v2\/types\/post"}],"author":[{"embeddable":true,"href":"https:\/\/www.anamt.org.br\/portal\/wp-json\/wp\/v2\/users\/5"}],"replies":[{"embeddable":true,"href":"https:\/\/www.anamt.org.br\/portal\/wp-json\/wp\/v2\/comments?post=49561"}],"version-history":[{"count":2,"href":"https:\/\/www.anamt.org.br\/portal\/wp-json\/wp\/v2\/posts\/49561\/revisions"}],"predecessor-version":[{"id":49566,"href":"https:\/\/www.anamt.org.br\/portal\/wp-json\/wp\/v2\/posts\/49561\/revisions\/49566"}],"wp:featuredmedia":[{"embeddable":true,"href":"https:\/\/www.anamt.org.br\/portal\/wp-json\/wp\/v2\/media\/49563"}],"wp:attachment":[{"href":"https:\/\/www.anamt.org.br\/portal\/wp-json\/wp\/v2\/media?parent=49561"}],"wp:term":[{"taxonomy":"category","embeddable":true,"href":"https:\/\/www.anamt.org.br\/portal\/wp-json\/wp\/v2\/categories?post=49561"},{"taxonomy":"post_tag","embeddable":true,"href":"https:\/\/www.anamt.org.br\/portal\/wp-json\/wp\/v2\/tags?post=49561"}],"curies":[{"name":"wp","href":"https:\/\/api.w.org\/{rel}","templated":true}]}}