{"id":49549,"date":"2024-01-30T14:33:46","date_gmt":"2024-01-30T17:33:46","guid":{"rendered":"https:\/\/www.anamt.org.br\/portal\/?p=49549"},"modified":"2024-01-30T14:33:46","modified_gmt":"2024-01-30T17:33:46","slug":"nota-de-pesar-prof-peter-westerholm","status":"publish","type":"post","link":"https:\/\/www.anamt.org.br\/portal\/2024\/01\/30\/nota-de-pesar-prof-peter-westerholm\/","title":{"rendered":"Nota de pesar: Prof. Peter Westerholm"},"content":{"rendered":"<p><img decoding=\"async\" class=\"size-full wp-image-49550 alignleft\" src=\"https:\/\/www.anamt.org.br\/portal\/wp-content\/uploads\/2024\/01\/PeterWesterholm.png\" alt=\"\" width=\"193\" height=\"193\" srcset=\"https:\/\/www.anamt.org.br\/portal\/wp-content\/uploads\/2024\/01\/PeterWesterholm-66x66.png 66w, https:\/\/www.anamt.org.br\/portal\/wp-content\/uploads\/2024\/01\/PeterWesterholm-150x150.png 150w, https:\/\/www.anamt.org.br\/portal\/wp-content\/uploads\/2024\/01\/PeterWesterholm.png 193w\" sizes=\"(max-width: 193px) 100vw, 193px\" \/>A ANAMT lamenta o falecimento do Prof. Peter Westerholm, ocorrido no dia 22 de janeiro. Professor em\u00e9rito do Departamento de Ci\u00eancias M\u00e9dicas da Universidade de Uppsala, na Su\u00e9cia, Prof. Peter foi membro do Board da ICOH entre 2009 e 2015, al\u00e9m de autor de v\u00e1rios artigos e livros sobre a medicina do trabalho.<\/p>\n","protected":false},"excerpt":{"rendered":"<p>A ANAMT lamenta o falecimento do Prof. Peter Westerholm, ocorrido no dia 22 de janeiro. Professor em\u00e9rito do Departamento de Ci\u00eancias M\u00e9dicas da Universidade de Uppsala, na Su\u00e9cia, Prof. Peter foi membro do Board da ICOH entre 2009 e 2015, al\u00e9m de autor de v\u00e1rios artigos e livros sobre a medicina do trabalho.<\/p>\n","protected":false},"author":5,"featured_media":48298,"comment_status":"closed","ping_status":"closed","sticky":false,"template":"","format":"standard","meta":{"footnotes":""},"categories":[77,8],"tags":[],"_links":{"self":[{"href":"https:\/\/www.anamt.org.br\/portal\/wp-json\/wp\/v2\/posts\/49549"}],"collection":[{"href":"https:\/\/www.anamt.org.br\/portal\/wp-json\/wp\/v2\/posts"}],"about":[{"href":"https:\/\/www.anamt.org.br\/portal\/wp-json\/wp\/v2\/types\/post"}],"author":[{"embeddable":true,"href":"https:\/\/www.anamt.org.br\/portal\/wp-json\/wp\/v2\/users\/5"}],"replies":[{"embeddable":true,"href":"https:\/\/www.anamt.org.br\/portal\/wp-json\/wp\/v2\/comments?post=49549"}],"version-history":[{"count":1,"href":"https:\/\/www.anamt.org.br\/portal\/wp-json\/wp\/v2\/posts\/49549\/revisions"}],"predecessor-version":[{"id":49551,"href":"https:\/\/www.anamt.org.br\/portal\/wp-json\/wp\/v2\/posts\/49549\/revisions\/49551"}],"wp:featuredmedia":[{"embeddable":true,"href":"https:\/\/www.anamt.org.br\/portal\/wp-json\/wp\/v2\/media\/48298"}],"wp:attachment":[{"href":"https:\/\/www.anamt.org.br\/portal\/wp-json\/wp\/v2\/media?parent=49549"}],"wp:term":[{"taxonomy":"category","embeddable":true,"href":"https:\/\/www.anamt.org.br\/portal\/wp-json\/wp\/v2\/categories?post=49549"},{"taxonomy":"post_tag","embeddable":true,"href":"https:\/\/www.anamt.org.br\/portal\/wp-json\/wp\/v2\/tags?post=49549"}],"curies":[{"name":"wp","href":"https:\/\/api.w.org\/{rel}","templated":true}]}}