{"id":49544,"date":"2024-02-01T15:27:34","date_gmt":"2024-02-01T18:27:34","guid":{"rendered":"https:\/\/www.anamt.org.br\/portal\/?p=49544"},"modified":"2024-02-11T11:27:12","modified_gmt":"2024-02-11T14:27:12","slug":"webinarios-anamt-nova-edicao-aborda-o-tema-planejando-o-inicio-da-sua-empresa-de-saude-ocupacional-estrategias-e-valorizacao","status":"publish","type":"post","link":"https:\/\/www.anamt.org.br\/portal\/2024\/02\/01\/webinarios-anamt-nova-edicao-aborda-o-tema-planejando-o-inicio-da-sua-empresa-de-saude-ocupacional-estrategias-e-valorizacao\/","title":{"rendered":"Webin\u00e1rios ANAMT: pr\u00f3xima edi\u00e7\u00e3o ser\u00e1 aberta a todos"},"content":{"rendered":"<p>No dia 20 de fevereiro, a ANAMT realizar\u00e1 uma nova edi\u00e7\u00e3o do Webin\u00e1rios ANAMT, \u00e0s 20h. A transmiss\u00e3o abordar\u00e1 o tema Planejando o In\u00edcio da sua Empresa de Sa\u00fade Ocupacional: Estrat\u00e9gias e Valoriza\u00e7\u00e3o e ser\u00e1 ministrada pelo Dr. Leonardo Sato, M\u00e9dico do Trabalho, s\u00f3cio e m\u00e9dico coordenador na Labore Ocupacional.<\/p>\n<p>A coordena\u00e7\u00e3o ser\u00e1 da diretora cient\u00edfica da ANAMT, Dra. Rosylane Rocha. A edi\u00e7\u00e3o far\u00e1 parte da Campanha de Degusta\u00e7\u00e3o da ANAMT Virtual que, durante os dias 19 a 29 de fevereiro, oferecer\u00e1 conte\u00fados selecionados com acesso liberado a todos os m\u00e9dicos do trabalho \u2013 o acesso \u00e0 plataforma de educa\u00e7\u00e3o continuada da ANAMT \u00e9 um benef\u00edcio exclusivo para os associados da entidade.<\/p>\n<p>Para participar, \u00e9 s\u00f3 se cadastrar <a href=\"https:\/\/lp.anamt.org.br\/degustacao-anamt-virtual\/\" target=\"_blank\" rel=\"noopener\">neste link<\/a>. N\u00e3o perca essa oportunidade!<\/p>\n<p>O acesso \u00e0 ANAMT Virtual \u00e9 um benef\u00edcio exclusivo de todos os associados adimplentes da entidade. Para acompanhar, acesse: anamt.virtual.org.br.<\/p>\n<p><img decoding=\"async\" class=\"aligncenter wp-image-49555 size-fusion-600\" src=\"https:\/\/www.anamt.org.br\/portal\/wp-content\/uploads\/2024\/01\/ANAMT_Feed_2024_A3-1-600x600.png\" alt=\"\" width=\"600\" height=\"600\" srcset=\"https:\/\/www.anamt.org.br\/portal\/wp-content\/uploads\/2024\/01\/ANAMT_Feed_2024_A3-1-66x66.png 66w, https:\/\/www.anamt.org.br\/portal\/wp-content\/uploads\/2024\/01\/ANAMT_Feed_2024_A3-1-150x150.png 150w, https:\/\/www.anamt.org.br\/portal\/wp-content\/uploads\/2024\/01\/ANAMT_Feed_2024_A3-1-200x200.png 200w, https:\/\/www.anamt.org.br\/portal\/wp-content\/uploads\/2024\/01\/ANAMT_Feed_2024_A3-1-300x300.png 300w, https:\/\/www.anamt.org.br\/portal\/wp-content\/uploads\/2024\/01\/ANAMT_Feed_2024_A3-1-400x400.png 400w, https:\/\/www.anamt.org.br\/portal\/wp-content\/uploads\/2024\/01\/ANAMT_Feed_2024_A3-1-600x600.png 600w, https:\/\/www.anamt.org.br\/portal\/wp-content\/uploads\/2024\/01\/ANAMT_Feed_2024_A3-1-768x768.png 768w, https:\/\/www.anamt.org.br\/portal\/wp-content\/uploads\/2024\/01\/ANAMT_Feed_2024_A3-1-800x800.png 800w, https:\/\/www.anamt.org.br\/portal\/wp-content\/uploads\/2024\/01\/ANAMT_Feed_2024_A3-1-1024x1024.png 1024w, https:\/\/www.anamt.org.br\/portal\/wp-content\/uploads\/2024\/01\/ANAMT_Feed_2024_A3-1.png 1080w\" sizes=\"(max-width: 600px) 100vw, 600px\" \/><\/p>\n","protected":false},"excerpt":{"rendered":"<p>No dia 20 de fevereiro, a ANAMT realizar\u00e1 uma nova edi\u00e7\u00e3o do Webin\u00e1rios ANAMT, \u00e0s 20h. A transmiss\u00e3o abordar\u00e1 o tema Planejando o In\u00edcio da sua Empresa de Sa\u00fade Ocupacional: Estrat\u00e9gias e Valoriza\u00e7\u00e3o e ser\u00e1 ministrada pelo Dr. Leonardo Sato, M\u00e9dico do Trabalho, s\u00f3cio e m\u00e9dico coordenador na Labore Ocupacional. A coordena\u00e7\u00e3o ser\u00e1 da diretora [&hellip;]<\/p>\n","protected":false},"author":5,"featured_media":48059,"comment_status":"closed","ping_status":"closed","sticky":false,"template":"","format":"standard","meta":{"footnotes":""},"categories":[77,8],"tags":[],"_links":{"self":[{"href":"https:\/\/www.anamt.org.br\/portal\/wp-json\/wp\/v2\/posts\/49544"}],"collection":[{"href":"https:\/\/www.anamt.org.br\/portal\/wp-json\/wp\/v2\/posts"}],"about":[{"href":"https:\/\/www.anamt.org.br\/portal\/wp-json\/wp\/v2\/types\/post"}],"author":[{"embeddable":true,"href":"https:\/\/www.anamt.org.br\/portal\/wp-json\/wp\/v2\/users\/5"}],"replies":[{"embeddable":true,"href":"https:\/\/www.anamt.org.br\/portal\/wp-json\/wp\/v2\/comments?post=49544"}],"version-history":[{"count":2,"href":"https:\/\/www.anamt.org.br\/portal\/wp-json\/wp\/v2\/posts\/49544\/revisions"}],"predecessor-version":[{"id":49574,"href":"https:\/\/www.anamt.org.br\/portal\/wp-json\/wp\/v2\/posts\/49544\/revisions\/49574"}],"wp:featuredmedia":[{"embeddable":true,"href":"https:\/\/www.anamt.org.br\/portal\/wp-json\/wp\/v2\/media\/48059"}],"wp:attachment":[{"href":"https:\/\/www.anamt.org.br\/portal\/wp-json\/wp\/v2\/media?parent=49544"}],"wp:term":[{"taxonomy":"category","embeddable":true,"href":"https:\/\/www.anamt.org.br\/portal\/wp-json\/wp\/v2\/categories?post=49544"},{"taxonomy":"post_tag","embeddable":true,"href":"https:\/\/www.anamt.org.br\/portal\/wp-json\/wp\/v2\/tags?post=49544"}],"curies":[{"name":"wp","href":"https:\/\/api.w.org\/{rel}","templated":true}]}}