{"id":49536,"date":"2024-01-24T15:44:38","date_gmt":"2024-01-24T18:44:38","guid":{"rendered":"https:\/\/www.anamt.org.br\/portal\/?p=49536"},"modified":"2024-01-24T15:44:38","modified_gmt":"2024-01-24T18:44:38","slug":"afastamentos-do-trabalho-anamt-concede-entrevista-sobre-casos-de-2023","status":"publish","type":"post","link":"https:\/\/www.anamt.org.br\/portal\/2024\/01\/24\/afastamentos-do-trabalho-anamt-concede-entrevista-sobre-casos-de-2023\/","title":{"rendered":"Afastamentos do trabalho: ANAMT concede entrevista sobre casos de 2023"},"content":{"rendered":"<p>A diretora cient\u00edfica da ANAMT, Dra. Rosylane Rocha, concedeu entrevista ao telejornal RedeTV News, da Rede TV!, em mat\u00e9ria sobre o n\u00famero de afastamentos do trabalho em 2023 por problemas de sa\u00fade, com predomin\u00e2ncia dos casos de h\u00e9rnia de disco.<\/p>\n<p>A mat\u00e9ria, veiculada no dia 22 de janeiro, pode ser vista abaixo:<\/p>\n<div class=\"video-shortcode\"><iframe title=\"2,5 Milh\u00f5es de brasileiros foram afastados do trabalho por problemas de sa\u00fade em 2023\" width=\"1500\" height=\"844\" src=\"https:\/\/www.youtube.com\/embed\/d328EjZHPV8?feature=oembed\" frameborder=\"0\" allow=\"accelerometer; autoplay; clipboard-write; encrypted-media; gyroscope; picture-in-picture; web-share\" allowfullscreen><\/iframe><\/div>\n","protected":false},"excerpt":{"rendered":"<p>A diretora cient\u00edfica da ANAMT, Dra. Rosylane Rocha, concedeu entrevista ao telejornal RedeTV News, da Rede TV!, em mat\u00e9ria sobre o n\u00famero de afastamentos do trabalho em 2023 por problemas de sa\u00fade, com predomin\u00e2ncia dos casos de h\u00e9rnia de disco. A mat\u00e9ria, veiculada no dia 22 de janeiro, pode ser vista abaixo:<\/p>\n","protected":false},"author":5,"featured_media":49537,"comment_status":"closed","ping_status":"closed","sticky":false,"template":"","format":"standard","meta":{"footnotes":""},"categories":[77,8],"tags":[],"_links":{"self":[{"href":"https:\/\/www.anamt.org.br\/portal\/wp-json\/wp\/v2\/posts\/49536"}],"collection":[{"href":"https:\/\/www.anamt.org.br\/portal\/wp-json\/wp\/v2\/posts"}],"about":[{"href":"https:\/\/www.anamt.org.br\/portal\/wp-json\/wp\/v2\/types\/post"}],"author":[{"embeddable":true,"href":"https:\/\/www.anamt.org.br\/portal\/wp-json\/wp\/v2\/users\/5"}],"replies":[{"embeddable":true,"href":"https:\/\/www.anamt.org.br\/portal\/wp-json\/wp\/v2\/comments?post=49536"}],"version-history":[{"count":1,"href":"https:\/\/www.anamt.org.br\/portal\/wp-json\/wp\/v2\/posts\/49536\/revisions"}],"predecessor-version":[{"id":49538,"href":"https:\/\/www.anamt.org.br\/portal\/wp-json\/wp\/v2\/posts\/49536\/revisions\/49538"}],"wp:featuredmedia":[{"embeddable":true,"href":"https:\/\/www.anamt.org.br\/portal\/wp-json\/wp\/v2\/media\/49537"}],"wp:attachment":[{"href":"https:\/\/www.anamt.org.br\/portal\/wp-json\/wp\/v2\/media?parent=49536"}],"wp:term":[{"taxonomy":"category","embeddable":true,"href":"https:\/\/www.anamt.org.br\/portal\/wp-json\/wp\/v2\/categories?post=49536"},{"taxonomy":"post_tag","embeddable":true,"href":"https:\/\/www.anamt.org.br\/portal\/wp-json\/wp\/v2\/tags?post=49536"}],"curies":[{"name":"wp","href":"https:\/\/api.w.org\/{rel}","templated":true}]}}