{"id":49511,"date":"2024-01-15T08:30:22","date_gmt":"2024-01-15T11:30:22","guid":{"rendered":"https:\/\/www.anamt.org.br\/portal\/?p=49511"},"modified":"2024-01-15T10:52:03","modified_gmt":"2024-01-15T13:52:03","slug":"anamt-participa-de-materia-do-fantastico-sobre-hernia-de-disco","status":"publish","type":"post","link":"https:\/\/www.anamt.org.br\/portal\/2024\/01\/15\/anamt-participa-de-materia-do-fantastico-sobre-hernia-de-disco\/","title":{"rendered":"ANAMT participa de mat\u00e9ria do Fant\u00e1stico sobre h\u00e9rnia de disco"},"content":{"rendered":"<p><img decoding=\"async\" class=\"aligncenter wp-image-49512 size-fusion-600\" src=\"https:\/\/www.anamt.org.br\/portal\/wp-content\/uploads\/2024\/01\/drfranciscofantastico-600x334.png\" alt=\"\" width=\"600\" height=\"334\" srcset=\"https:\/\/www.anamt.org.br\/portal\/wp-content\/uploads\/2024\/01\/drfranciscofantastico-200x111.png 200w, https:\/\/www.anamt.org.br\/portal\/wp-content\/uploads\/2024\/01\/drfranciscofantastico-300x167.png 300w, https:\/\/www.anamt.org.br\/portal\/wp-content\/uploads\/2024\/01\/drfranciscofantastico-400x223.png 400w, https:\/\/www.anamt.org.br\/portal\/wp-content\/uploads\/2024\/01\/drfranciscofantastico-600x334.png 600w, https:\/\/www.anamt.org.br\/portal\/wp-content\/uploads\/2024\/01\/drfranciscofantastico-768x427.png 768w, https:\/\/www.anamt.org.br\/portal\/wp-content\/uploads\/2024\/01\/drfranciscofantastico.png 800w\" sizes=\"(max-width: 600px) 100vw, 600px\" \/><\/p>\n<p>O presidente da ANAMT, Dr. Francisco Cortes Fernandes, participou de uma mat\u00e9ria sobre h\u00e9rnia de disco, doen\u00e7a que mais causou afastamento do trabalho em 2023, veiculada no programa Fant\u00e1stico do dia 15 de janeiro. Em sua participa\u00e7\u00e3o, Dr. Francisco ressaltou que, em caso de sintomas, os trabalhadores devem comunicar a empresa e buscar o m\u00e9dico do trabalho para realizar o diagn\u00f3stico adequado.<\/p>\n<p>A mat\u00e9ria pode ser vista <a href=\"https:\/\/g1.globo.com\/fantastico\/noticia\/2024\/01\/14\/hernia-de-disco-as-causas-e-os-riscos-da-doenca-que-mais-causou-afastamento-do-trabalho-em-2023.ghtml\" target=\"_blank\" rel=\"noopener\"><strong>aqui<\/strong><\/a> e abaixo.<\/p>\n<blockquote class=\"instagram-media\" style=\"background: #FFF; border: 0; border-radius: 3px; box-shadow: 0 0 1px 0 rgba(0,0,0,0.5),0 1px 10px 0 rgba(0,0,0,0.15); margin: 1px; max-width: 540px; min-width: 326px; padding: 0; width: calc(100% - 2px);\" data-instgrm-captioned=\"\" data-instgrm-permalink=\"https:\/\/www.instagram.com\/reel\/C2H3O4TuMmW\/?utm_source=ig_embed&amp;utm_campaign=loading\" data-instgrm-version=\"14\">\n<div style=\"padding: 16px;\">\n<p>&nbsp;<\/p>\n<div style=\"display: flex; flex-direction: row; align-items: center;\">\n<div style=\"background-color: #f4f4f4; border-radius: 50%; flex-grow: 0; height: 40px; margin-right: 14px; width: 40px;\"><\/div>\n<div style=\"display: flex; flex-direction: column; flex-grow: 1; justify-content: center;\">\n<div style=\"background-color: #f4f4f4; border-radius: 4px; flex-grow: 0; height: 14px; margin-bottom: 6px; width: 100px;\"><\/div>\n<div style=\"background-color: #f4f4f4; border-radius: 4px; flex-grow: 0; height: 14px; width: 60px;\"><\/div>\n<\/div>\n<\/div>\n<div style=\"padding: 19% 0;\"><\/div>\n<div style=\"display: block; height: 50px; margin: 0 auto 12px; width: 50px;\"><\/div>\n<div style=\"padding-top: 8px;\">\n<div style=\"color: #3897f0; font-family: Arial,sans-serif; font-size: 14px; font-style: normal; font-weight: 550; line-height: 18px;\">Ver essa foto no Instagram<\/div>\n<\/div>\n<div style=\"padding: 12.5% 0;\"><\/div>\n<div style=\"display: flex; flex-direction: row; margin-bottom: 14px; align-items: center;\">\n<div>\n<div style=\"background-color: #f4f4f4; border-radius: 50%; height: 12.5px; width: 12.5px; transform: translateX(0px) translateY(7px);\"><\/div>\n<div style=\"background-color: #f4f4f4; height: 12.5px; transform: rotate(-45deg) translateX(3px) translateY(1px); width: 12.5px; flex-grow: 0; margin-right: 14px; margin-left: 2px;\"><\/div>\n<div style=\"background-color: #f4f4f4; border-radius: 50%; height: 12.5px; width: 12.5px; transform: translateX(9px) translateY(-18px);\"><\/div>\n<\/div>\n<div style=\"margin-left: 8px;\">\n<div style=\"background-color: #f4f4f4; border-radius: 50%; flex-grow: 0; height: 20px; width: 20px;\"><\/div>\n<div style=\"width: 0; height: 0; border-top: 2px solid transparent; border-left: 6px solid #f4f4f4; border-bottom: 2px solid transparent; transform: translateX(16px) translateY(-4px) rotate(30deg);\"><\/div>\n<\/div>\n<div style=\"margin-left: auto;\">\n<div style=\"width: 0px; border-top: 8px solid #F4F4F4; border-right: 8px solid transparent; transform: translateY(16px);\"><\/div>\n<div style=\"background-color: #f4f4f4; flex-grow: 0; height: 12px; width: 16px; transform: translateY(-4px);\"><\/div>\n<div style=\"width: 0; height: 0; border-top: 8px solid #F4F4F4; border-left: 8px solid transparent; transform: translateY(-4px) translateX(8px);\"><\/div>\n<\/div>\n<\/div>\n<div style=\"display: flex; flex-direction: column; flex-grow: 1; justify-content: center; margin-bottom: 24px;\">\n<div style=\"background-color: #f4f4f4; border-radius: 4px; flex-grow: 0; height: 14px; margin-bottom: 6px; width: 224px;\"><\/div>\n<div style=\"background-color: #f4f4f4; border-radius: 4px; flex-grow: 0; height: 14px; width: 144px;\"><\/div>\n<\/div>\n<p>&nbsp;<\/p>\n<p style=\"color: #c9c8cd; font-family: Arial,sans-serif; font-size: 14px; line-height: 17px; margin-bottom: 0; margin-top: 8px; overflow: hidden; padding: 8px 0 7px; text-align: center; text-overflow: ellipsis; white-space: nowrap;\"><a style=\"color: #c9c8cd; font-family: Arial,sans-serif; font-size: 14px; font-style: normal; font-weight: normal; line-height: 17px; text-decoration: none;\" href=\"https:\/\/www.instagram.com\/reel\/C2H3O4TuMmW\/?utm_source=ig_embed&amp;utm_campaign=loading\" target=\"_blank\" rel=\"noopener\">Uma publica\u00e7\u00e3o compartilhada por ANAMT (@anamt_brasil)<\/a><\/p>\n<\/div>\n<\/blockquote>\n<p><script async src=\"\/\/www.instagram.com\/embed.js\"><\/script><\/p>\n","protected":false},"excerpt":{"rendered":"<p>O presidente da ANAMT, Dr. Francisco Cortes Fernandes, participou de uma mat\u00e9ria sobre h\u00e9rnia de disco, doen\u00e7a que mais causou afastamento do trabalho em 2023, veiculada no programa Fant\u00e1stico do dia 15 de janeiro. Em sua participa\u00e7\u00e3o, Dr. Francisco ressaltou que, em caso de sintomas, os trabalhadores devem comunicar a empresa e buscar o m\u00e9dico [&hellip;]<\/p>\n","protected":false},"author":5,"featured_media":49513,"comment_status":"closed","ping_status":"closed","sticky":false,"template":"","format":"standard","meta":{"footnotes":""},"categories":[77,8],"tags":[],"_links":{"self":[{"href":"https:\/\/www.anamt.org.br\/portal\/wp-json\/wp\/v2\/posts\/49511"}],"collection":[{"href":"https:\/\/www.anamt.org.br\/portal\/wp-json\/wp\/v2\/posts"}],"about":[{"href":"https:\/\/www.anamt.org.br\/portal\/wp-json\/wp\/v2\/types\/post"}],"author":[{"embeddable":true,"href":"https:\/\/www.anamt.org.br\/portal\/wp-json\/wp\/v2\/users\/5"}],"replies":[{"embeddable":true,"href":"https:\/\/www.anamt.org.br\/portal\/wp-json\/wp\/v2\/comments?post=49511"}],"version-history":[{"count":2,"href":"https:\/\/www.anamt.org.br\/portal\/wp-json\/wp\/v2\/posts\/49511\/revisions"}],"predecessor-version":[{"id":49516,"href":"https:\/\/www.anamt.org.br\/portal\/wp-json\/wp\/v2\/posts\/49511\/revisions\/49516"}],"wp:featuredmedia":[{"embeddable":true,"href":"https:\/\/www.anamt.org.br\/portal\/wp-json\/wp\/v2\/media\/49513"}],"wp:attachment":[{"href":"https:\/\/www.anamt.org.br\/portal\/wp-json\/wp\/v2\/media?parent=49511"}],"wp:term":[{"taxonomy":"category","embeddable":true,"href":"https:\/\/www.anamt.org.br\/portal\/wp-json\/wp\/v2\/categories?post=49511"},{"taxonomy":"post_tag","embeddable":true,"href":"https:\/\/www.anamt.org.br\/portal\/wp-json\/wp\/v2\/tags?post=49511"}],"curies":[{"name":"wp","href":"https:\/\/api.w.org\/{rel}","templated":true}]}}