{"id":49499,"date":"2024-01-12T09:37:05","date_gmt":"2024-01-12T12:37:05","guid":{"rendered":"https:\/\/www.anamt.org.br\/portal\/?p=49499"},"modified":"2024-01-12T09:41:04","modified_gmt":"2024-01-12T12:41:04","slug":"presidente-da-anamt-participa-de-entrevista-na-record-news","status":"publish","type":"post","link":"https:\/\/www.anamt.org.br\/portal\/2024\/01\/12\/presidente-da-anamt-participa-de-entrevista-na-record-news\/","title":{"rendered":"Presidente da ANAMT participa de entrevista na Record News"},"content":{"rendered":"<p>O presidente da ANAMT, Dr. Francisco Cortes Fernandes, concedeu entrevista ao Jornal da Record News no dia 10 de janeiro. Ele falou sobre casos de h\u00e9rnia de disco, principal causa de afastamento das pessoas no trabalho, segundo informa\u00e7\u00f5es do Minist\u00e9rio da Previd\u00eancia Social.<\/p>\n<p>A entrevista pode ser vista abaixo (a partir de 44:45):<\/p>\n<div class=\"video-shortcode\"><iframe title=\"Jornal da Record News - 10\/01\/2024\" width=\"1500\" height=\"844\" src=\"https:\/\/www.youtube.com\/embed\/gDAeC3TUh3E?list=PLt5YPA-Y-vprKgxIv2XhApRsn7aF6gG6R\" frameborder=\"0\" allow=\"accelerometer; autoplay; clipboard-write; encrypted-media; gyroscope; picture-in-picture; web-share\" allowfullscreen><\/iframe><\/div>\n","protected":false},"excerpt":{"rendered":"<p>O presidente da ANAMT, Dr. Francisco Cortes Fernandes, concedeu entrevista ao Jornal da Record News no dia 10 de janeiro. Ele falou sobre casos de h\u00e9rnia de disco, principal causa de afastamento das pessoas no trabalho, segundo informa\u00e7\u00f5es do Minist\u00e9rio da Previd\u00eancia Social. A entrevista pode ser vista abaixo (a partir de 44:45):<\/p>\n","protected":false},"author":5,"featured_media":49500,"comment_status":"closed","ping_status":"closed","sticky":false,"template":"","format":"standard","meta":{"footnotes":""},"categories":[77,8],"tags":[],"_links":{"self":[{"href":"https:\/\/www.anamt.org.br\/portal\/wp-json\/wp\/v2\/posts\/49499"}],"collection":[{"href":"https:\/\/www.anamt.org.br\/portal\/wp-json\/wp\/v2\/posts"}],"about":[{"href":"https:\/\/www.anamt.org.br\/portal\/wp-json\/wp\/v2\/types\/post"}],"author":[{"embeddable":true,"href":"https:\/\/www.anamt.org.br\/portal\/wp-json\/wp\/v2\/users\/5"}],"replies":[{"embeddable":true,"href":"https:\/\/www.anamt.org.br\/portal\/wp-json\/wp\/v2\/comments?post=49499"}],"version-history":[{"count":2,"href":"https:\/\/www.anamt.org.br\/portal\/wp-json\/wp\/v2\/posts\/49499\/revisions"}],"predecessor-version":[{"id":49503,"href":"https:\/\/www.anamt.org.br\/portal\/wp-json\/wp\/v2\/posts\/49499\/revisions\/49503"}],"wp:featuredmedia":[{"embeddable":true,"href":"https:\/\/www.anamt.org.br\/portal\/wp-json\/wp\/v2\/media\/49500"}],"wp:attachment":[{"href":"https:\/\/www.anamt.org.br\/portal\/wp-json\/wp\/v2\/media?parent=49499"}],"wp:term":[{"taxonomy":"category","embeddable":true,"href":"https:\/\/www.anamt.org.br\/portal\/wp-json\/wp\/v2\/categories?post=49499"},{"taxonomy":"post_tag","embeddable":true,"href":"https:\/\/www.anamt.org.br\/portal\/wp-json\/wp\/v2\/tags?post=49499"}],"curies":[{"name":"wp","href":"https:\/\/api.w.org\/{rel}","templated":true}]}}