{"id":49486,"date":"2024-01-05T16:26:28","date_gmt":"2024-01-05T19:26:28","guid":{"rendered":"https:\/\/www.anamt.org.br\/portal\/?p=49486"},"modified":"2024-01-05T16:26:28","modified_gmt":"2024-01-05T19:26:28","slug":"com-participacao-da-anamt-amb-lanca-tratado-de-medicina-geral","status":"publish","type":"post","link":"https:\/\/www.anamt.org.br\/portal\/2024\/01\/05\/com-participacao-da-anamt-amb-lanca-tratado-de-medicina-geral\/","title":{"rendered":"Com participa\u00e7\u00e3o da ANAMT, AMB lan\u00e7a Tratado de Medicina Geral"},"content":{"rendered":"<p><img decoding=\"async\" class=\" aligncenter\" src=\"https:\/\/www.grupogen.com.br\/media\/catalog\/product\/9\/7\/9788527739733.4.png?optimize=low&amp;bg-color=255,255,255&amp;fit=bounds&amp;height=1000&amp;width=700&amp;canvas=700:1000\" width=\"467\" height=\"584\" \/><\/p>\n<p>A Associa\u00e7\u00e3o M\u00e9dica Brasileira (AMB) lan\u00e7ou o Tratado de Medicina Geral, publica\u00e7\u00e3o cujo objetivo \u00e9 abordar as situa\u00e7\u00f5es mais relevantes no cotidiano dos m\u00e9dicos generalistas. O cap\u00edtulo sobre Medicina do Trabalho foi escrito pelo presidente da ANAMT, Dr. Francisco Cortes Fernandes, e a diretora cient\u00edfica da Associa\u00e7\u00e3o, Dra. Rosylane Rocha.<\/p>\n<p>Saiba mais sobre o Tratado <a href=\"https:\/\/www.grupogen.com.br\/e-book-tratado-de-medicina-geral-associacao-medica-brasileira-guanabara-koogan-9788527739733\" target=\"_blank\" rel=\"noopener\"><strong>aqui<\/strong><\/a>.<\/p>\n","protected":false},"excerpt":{"rendered":"<p>A Associa\u00e7\u00e3o M\u00e9dica Brasileira (AMB) lan\u00e7ou o Tratado de Medicina Geral, publica\u00e7\u00e3o cujo objetivo \u00e9 abordar as situa\u00e7\u00f5es mais relevantes no cotidiano dos m\u00e9dicos generalistas. O cap\u00edtulo sobre Medicina do Trabalho foi escrito pelo presidente da ANAMT, Dr. Francisco Cortes Fernandes, e a diretora cient\u00edfica da Associa\u00e7\u00e3o, Dra. Rosylane Rocha. Saiba mais sobre o Tratado [&hellip;]<\/p>\n","protected":false},"author":5,"featured_media":32267,"comment_status":"closed","ping_status":"closed","sticky":false,"template":"","format":"standard","meta":{"footnotes":""},"categories":[77,8],"tags":[],"_links":{"self":[{"href":"https:\/\/www.anamt.org.br\/portal\/wp-json\/wp\/v2\/posts\/49486"}],"collection":[{"href":"https:\/\/www.anamt.org.br\/portal\/wp-json\/wp\/v2\/posts"}],"about":[{"href":"https:\/\/www.anamt.org.br\/portal\/wp-json\/wp\/v2\/types\/post"}],"author":[{"embeddable":true,"href":"https:\/\/www.anamt.org.br\/portal\/wp-json\/wp\/v2\/users\/5"}],"replies":[{"embeddable":true,"href":"https:\/\/www.anamt.org.br\/portal\/wp-json\/wp\/v2\/comments?post=49486"}],"version-history":[{"count":1,"href":"https:\/\/www.anamt.org.br\/portal\/wp-json\/wp\/v2\/posts\/49486\/revisions"}],"predecessor-version":[{"id":49487,"href":"https:\/\/www.anamt.org.br\/portal\/wp-json\/wp\/v2\/posts\/49486\/revisions\/49487"}],"wp:featuredmedia":[{"embeddable":true,"href":"https:\/\/www.anamt.org.br\/portal\/wp-json\/wp\/v2\/media\/32267"}],"wp:attachment":[{"href":"https:\/\/www.anamt.org.br\/portal\/wp-json\/wp\/v2\/media?parent=49486"}],"wp:term":[{"taxonomy":"category","embeddable":true,"href":"https:\/\/www.anamt.org.br\/portal\/wp-json\/wp\/v2\/categories?post=49486"},{"taxonomy":"post_tag","embeddable":true,"href":"https:\/\/www.anamt.org.br\/portal\/wp-json\/wp\/v2\/tags?post=49486"}],"curies":[{"name":"wp","href":"https:\/\/api.w.org\/{rel}","templated":true}]}}