{"id":48902,"date":"2023-12-22T15:55:59","date_gmt":"2023-12-22T18:55:59","guid":{"rendered":"https:\/\/www.anamt.org.br\/portal\/?p=48902"},"modified":"2024-05-16T15:32:56","modified_gmt":"2024-05-16T18:32:56","slug":"cfm-sedia-16o-conferencia-mundial-de-bioetica-etica-medica-e-direito-da-saude","status":"publish","type":"post","link":"https:\/\/www.anamt.org.br\/portal\/2023\/12\/22\/cfm-sedia-16o-conferencia-mundial-de-bioetica-etica-medica-e-direito-da-saude\/","title":{"rendered":"CFM sedia 16\u00ba Confer\u00eancia Mundial de Bio\u00e9tica, \u00c9tica M\u00e9dica e Direito da Sa\u00fade"},"content":{"rendered":"<p>O Conselho Federal de Medicina (CFM), em Bras\u00edlia (DF), sediar\u00e1 a 16\u00ba Confer\u00eancia Mundial de Bio\u00e9tica, \u00c9tica M\u00e9dica e Direito da Sa\u00fade. O evento ocorrer\u00e1 entre os dias 24 e 26 de julho de 2024. Veja mais informa\u00e7\u00f5es sobre a Confer\u00eancia no site <a href=\"http:\/\/www.bioethicsbrasilia2024.com\" target=\"_blank\" rel=\"noopener\">www.bioethicsbrasilia2024.com<\/a><\/p>\n","protected":false},"excerpt":{"rendered":"<p>O Conselho Federal de Medicina (CFM), em Bras\u00edlia (DF), sediar\u00e1 a 16\u00ba Confer\u00eancia Mundial de Bio\u00e9tica, \u00c9tica M\u00e9dica e Direito da Sa\u00fade. O evento ocorrer\u00e1 entre os dias 24 e 26 de julho de 2024. Veja mais informa\u00e7\u00f5es sobre a Confer\u00eancia no site www.bioethicsbrasilia2024.com<\/p>\n","protected":false},"author":5,"featured_media":48903,"comment_status":"closed","ping_status":"closed","sticky":false,"template":"","format":"standard","meta":{"footnotes":""},"categories":[78,190,77,8],"tags":[],"_links":{"self":[{"href":"https:\/\/www.anamt.org.br\/portal\/wp-json\/wp\/v2\/posts\/48902"}],"collection":[{"href":"https:\/\/www.anamt.org.br\/portal\/wp-json\/wp\/v2\/posts"}],"about":[{"href":"https:\/\/www.anamt.org.br\/portal\/wp-json\/wp\/v2\/types\/post"}],"author":[{"embeddable":true,"href":"https:\/\/www.anamt.org.br\/portal\/wp-json\/wp\/v2\/users\/5"}],"replies":[{"embeddable":true,"href":"https:\/\/www.anamt.org.br\/portal\/wp-json\/wp\/v2\/comments?post=48902"}],"version-history":[{"count":1,"href":"https:\/\/www.anamt.org.br\/portal\/wp-json\/wp\/v2\/posts\/48902\/revisions"}],"predecessor-version":[{"id":48904,"href":"https:\/\/www.anamt.org.br\/portal\/wp-json\/wp\/v2\/posts\/48902\/revisions\/48904"}],"wp:featuredmedia":[{"embeddable":true,"href":"https:\/\/www.anamt.org.br\/portal\/wp-json\/wp\/v2\/media\/48903"}],"wp:attachment":[{"href":"https:\/\/www.anamt.org.br\/portal\/wp-json\/wp\/v2\/media?parent=48902"}],"wp:term":[{"taxonomy":"category","embeddable":true,"href":"https:\/\/www.anamt.org.br\/portal\/wp-json\/wp\/v2\/categories?post=48902"},{"taxonomy":"post_tag","embeddable":true,"href":"https:\/\/www.anamt.org.br\/portal\/wp-json\/wp\/v2\/tags?post=48902"}],"curies":[{"name":"wp","href":"https:\/\/api.w.org\/{rel}","templated":true}]}}