{"id":48882,"date":"2023-12-18T09:36:28","date_gmt":"2023-12-18T12:36:28","guid":{"rendered":"https:\/\/www.anamt.org.br\/portal\/?p=48882"},"modified":"2023-12-20T11:30:03","modified_gmt":"2023-12-20T14:30:03","slug":"presidente-da-anamt-divulga-carta-de-renovacao","status":"publish","type":"post","link":"https:\/\/www.anamt.org.br\/portal\/2023\/12\/18\/presidente-da-anamt-divulga-carta-de-renovacao\/","title":{"rendered":"Presidente da ANAMT divulga carta de renova\u00e7\u00e3o"},"content":{"rendered":"<p>O presidente da ANAMT, Dr. Francisco Cortes Fernandes, escreveu uma carta de renova\u00e7\u00e3o direcionada para os associados da ANAMT. O texto est\u00e1 dispon\u00edvel abaixo:<\/p>\n<p>CARTA DE RENOVA\u00c7\u00c3O<\/p>\n<p>Aos M\u00e9dicos do Trabalho.<\/p>\n<p>A diretoria do tri\u00eanio 2023-2025, da qual tenho a honra de ser o presidente, tem como diretriz desenvolver a Associa\u00e7\u00e3o Nacional de Medicina do Trabalho, ao ponto em que est\u00e1 se torne uma das maiores influ\u00eancias no processo de desenvolvimento para a Medicina do Trabalho.<\/p>\n<p>Ao finalizarmos o ano de 2023, queremos enfatizar a grande import\u00e2ncia da presen\u00e7a dos M\u00e9dicos do Trabalho nos eventos da nossa Associa\u00e7\u00e3o, refletindo no aumento de 28% no crescimento do quadro associativo.<\/p>\n<p>Pensando cada vez mais em manter a nossa especialidade forte e dedicada em prol a Medicina do Trabalho. A anuidade \u00e9 elaborada sempre no c\u00e1lculo do IPCA anual, e esse ano foi feito um estudo que, em 11 anos (2012\/2023) a infla\u00e7\u00e3o teve um aumento totalizando 97,33%, ou seja, a nossa anuidade para o ano de 2.023 deveria ser no valor de R$ 1.016,27, e a ANAMT aplicou o valor de R$ 949,00 para o ano de 2023.<\/p>\n<p>Sempre pensando na economia dos M\u00e9dicos do Trabalho e associados da ANAMT, aplicamos um aumento de apenas 3,3% sob a anuidade de 2023, ficando no valor de R$980,00 para o ano de 2024.<\/p>\n<p>Este ano de 2023 trouxe grandes desafios, dificuldades e transforma\u00e7\u00f5es para nossa entidade, mas sa\u00edmos vitoriosos, conseguindo realizar todos os planos tra\u00e7ados para este ano, todos com o objetivo de valorizar a Medicina do Trabalho.<\/p>\n<p>Assim, agradecemos a todos que contribu\u00edram direta ou indiretamente para o alcance de seus objetivos e desejando aos associados um Feliz Natal e um prospero Ano Novo de muitas realiza\u00e7\u00f5es.<\/p>\n<p>Que a alegria do Natal se estenda por todos os dias de 2024 e que o esp\u00edrito natalino desperte emo\u00e7\u00e3o de viver no lar de cada um de voc\u00eas.<br \/>\nQue este Natal, seja repleto de paz, amor e muita sa\u00fade.<\/p>\n<p>Dr. Francisco Cortes Fernandes<br \/>\nPresidente da ANAMT<\/p>\n","protected":false},"excerpt":{"rendered":"<p>O presidente da ANAMT, Dr. Francisco Cortes Fernandes, escreveu uma carta de renova\u00e7\u00e3o direcionada para os associados da ANAMT. O texto est\u00e1 dispon\u00edvel abaixo: CARTA DE RENOVA\u00c7\u00c3O Aos M\u00e9dicos do Trabalho. A diretoria do tri\u00eanio 2023-2025, da qual tenho a honra de ser o presidente, tem como diretriz desenvolver a Associa\u00e7\u00e3o Nacional de Medicina do [&hellip;]<\/p>\n","protected":false},"author":5,"featured_media":48293,"comment_status":"closed","ping_status":"closed","sticky":false,"template":"","format":"standard","meta":{"footnotes":""},"categories":[77,8],"tags":[],"_links":{"self":[{"href":"https:\/\/www.anamt.org.br\/portal\/wp-json\/wp\/v2\/posts\/48882"}],"collection":[{"href":"https:\/\/www.anamt.org.br\/portal\/wp-json\/wp\/v2\/posts"}],"about":[{"href":"https:\/\/www.anamt.org.br\/portal\/wp-json\/wp\/v2\/types\/post"}],"author":[{"embeddable":true,"href":"https:\/\/www.anamt.org.br\/portal\/wp-json\/wp\/v2\/users\/5"}],"replies":[{"embeddable":true,"href":"https:\/\/www.anamt.org.br\/portal\/wp-json\/wp\/v2\/comments?post=48882"}],"version-history":[{"count":2,"href":"https:\/\/www.anamt.org.br\/portal\/wp-json\/wp\/v2\/posts\/48882\/revisions"}],"predecessor-version":[{"id":48891,"href":"https:\/\/www.anamt.org.br\/portal\/wp-json\/wp\/v2\/posts\/48882\/revisions\/48891"}],"wp:featuredmedia":[{"embeddable":true,"href":"https:\/\/www.anamt.org.br\/portal\/wp-json\/wp\/v2\/media\/48293"}],"wp:attachment":[{"href":"https:\/\/www.anamt.org.br\/portal\/wp-json\/wp\/v2\/media?parent=48882"}],"wp:term":[{"taxonomy":"category","embeddable":true,"href":"https:\/\/www.anamt.org.br\/portal\/wp-json\/wp\/v2\/categories?post=48882"},{"taxonomy":"post_tag","embeddable":true,"href":"https:\/\/www.anamt.org.br\/portal\/wp-json\/wp\/v2\/tags?post=48882"}],"curies":[{"name":"wp","href":"https:\/\/api.w.org\/{rel}","templated":true}]}}