{"id":48865,"date":"2023-12-08T08:48:14","date_gmt":"2023-12-08T11:48:14","guid":{"rendered":"https:\/\/www.anamt.org.br\/portal\/?p=48865"},"modified":"2023-12-08T08:48:14","modified_gmt":"2023-12-08T11:48:14","slug":"sogamt-realiza-jantar-de-confraternizacao-e-empossa-nova-diretoria","status":"publish","type":"post","link":"https:\/\/www.anamt.org.br\/portal\/2023\/12\/08\/sogamt-realiza-jantar-de-confraternizacao-e-empossa-nova-diretoria\/","title":{"rendered":"SOGAMT realiza jantar de confraterniza\u00e7\u00e3o e empossa nova diretoria"},"content":{"rendered":"<p><img decoding=\"async\" class=\"aligncenter wp-image-48866 size-fusion-600\" src=\"https:\/\/www.anamt.org.br\/portal\/wp-content\/uploads\/2023\/12\/WhatsApp-Image-2023-12-08-at-08.19.15-600x450.jpeg\" alt=\"\" width=\"600\" height=\"450\" srcset=\"https:\/\/www.anamt.org.br\/portal\/wp-content\/uploads\/2023\/12\/WhatsApp-Image-2023-12-08-at-08.19.15-200x150.jpeg 200w, https:\/\/www.anamt.org.br\/portal\/wp-content\/uploads\/2023\/12\/WhatsApp-Image-2023-12-08-at-08.19.15-300x225.jpeg 300w, https:\/\/www.anamt.org.br\/portal\/wp-content\/uploads\/2023\/12\/WhatsApp-Image-2023-12-08-at-08.19.15-400x300.jpeg 400w, https:\/\/www.anamt.org.br\/portal\/wp-content\/uploads\/2023\/12\/WhatsApp-Image-2023-12-08-at-08.19.15-600x450.jpeg 600w, https:\/\/www.anamt.org.br\/portal\/wp-content\/uploads\/2023\/12\/WhatsApp-Image-2023-12-08-at-08.19.15-768x576.jpeg 768w, https:\/\/www.anamt.org.br\/portal\/wp-content\/uploads\/2023\/12\/WhatsApp-Image-2023-12-08-at-08.19.15-800x600.jpeg 800w, https:\/\/www.anamt.org.br\/portal\/wp-content\/uploads\/2023\/12\/WhatsApp-Image-2023-12-08-at-08.19.15-1024x768.jpeg 1024w, https:\/\/www.anamt.org.br\/portal\/wp-content\/uploads\/2023\/12\/WhatsApp-Image-2023-12-08-at-08.19.15-1200x900.jpeg 1200w, https:\/\/www.anamt.org.br\/portal\/wp-content\/uploads\/2023\/12\/WhatsApp-Image-2023-12-08-at-08.19.15.jpeg 1280w\" sizes=\"(max-width: 600px) 100vw, 600px\" \/><\/p>\n<p>O vice-presidente da Regi\u00e3o Sul da ANAMT, Dr. Ricardo Martins, representou a Associa\u00e7\u00e3o no Jantar de Confraterniza\u00e7\u00e3o e Encerramento de Gest\u00e3o da Sociedade Ga\u00facha de Medicina do Trabalho (SOGAMT), realizado nesta quinta (7). Na ocasi\u00e3o, tamb\u00e9m foi empossada a diretoria 2024\/2025 da federada ga\u00facha.<\/p>\n","protected":false},"excerpt":{"rendered":"<p>O vice-presidente da Regi\u00e3o Sul da ANAMT, Dr. Ricardo Martins, representou a Associa\u00e7\u00e3o no Jantar de Confraterniza\u00e7\u00e3o e Encerramento de Gest\u00e3o da Sociedade Ga\u00facha de Medicina do Trabalho (SOGAMT), realizado nesta quinta (7). Na ocasi\u00e3o, tamb\u00e9m foi empossada a diretoria 2024\/2025 da federada ga\u00facha.<\/p>\n","protected":false},"author":5,"featured_media":48867,"comment_status":"closed","ping_status":"closed","sticky":false,"template":"","format":"standard","meta":{"footnotes":""},"categories":[77,8],"tags":[],"_links":{"self":[{"href":"https:\/\/www.anamt.org.br\/portal\/wp-json\/wp\/v2\/posts\/48865"}],"collection":[{"href":"https:\/\/www.anamt.org.br\/portal\/wp-json\/wp\/v2\/posts"}],"about":[{"href":"https:\/\/www.anamt.org.br\/portal\/wp-json\/wp\/v2\/types\/post"}],"author":[{"embeddable":true,"href":"https:\/\/www.anamt.org.br\/portal\/wp-json\/wp\/v2\/users\/5"}],"replies":[{"embeddable":true,"href":"https:\/\/www.anamt.org.br\/portal\/wp-json\/wp\/v2\/comments?post=48865"}],"version-history":[{"count":1,"href":"https:\/\/www.anamt.org.br\/portal\/wp-json\/wp\/v2\/posts\/48865\/revisions"}],"predecessor-version":[{"id":48868,"href":"https:\/\/www.anamt.org.br\/portal\/wp-json\/wp\/v2\/posts\/48865\/revisions\/48868"}],"wp:featuredmedia":[{"embeddable":true,"href":"https:\/\/www.anamt.org.br\/portal\/wp-json\/wp\/v2\/media\/48867"}],"wp:attachment":[{"href":"https:\/\/www.anamt.org.br\/portal\/wp-json\/wp\/v2\/media?parent=48865"}],"wp:term":[{"taxonomy":"category","embeddable":true,"href":"https:\/\/www.anamt.org.br\/portal\/wp-json\/wp\/v2\/categories?post=48865"},{"taxonomy":"post_tag","embeddable":true,"href":"https:\/\/www.anamt.org.br\/portal\/wp-json\/wp\/v2\/tags?post=48865"}],"curies":[{"name":"wp","href":"https:\/\/api.w.org\/{rel}","templated":true}]}}