{"id":48860,"date":"2023-12-08T08:35:13","date_gmt":"2023-12-08T11:35:13","guid":{"rendered":"https:\/\/www.anamt.org.br\/portal\/?p=48860"},"modified":"2023-12-08T08:35:13","modified_gmt":"2023-12-08T11:35:13","slug":"anamt-participa-de-reuniao-de-comite-do-tst","status":"publish","type":"post","link":"https:\/\/www.anamt.org.br\/portal\/2023\/12\/08\/anamt-participa-de-reuniao-de-comite-do-tst\/","title":{"rendered":"ANAMT participa de reuni\u00e3o de Comit\u00ea do TST"},"content":{"rendered":"<p><img decoding=\"async\" class=\"aligncenter wp-image-48863 size-fusion-600\" src=\"https:\/\/www.anamt.org.br\/portal\/wp-content\/uploads\/2023\/12\/WhatsApp-Image-2023-12-04-at-17.15.24-600x451.jpeg\" alt=\"\" width=\"600\" height=\"451\" srcset=\"https:\/\/www.anamt.org.br\/portal\/wp-content\/uploads\/2023\/12\/WhatsApp-Image-2023-12-04-at-17.15.24-200x150.jpeg 200w, https:\/\/www.anamt.org.br\/portal\/wp-content\/uploads\/2023\/12\/WhatsApp-Image-2023-12-04-at-17.15.24-300x225.jpeg 300w, https:\/\/www.anamt.org.br\/portal\/wp-content\/uploads\/2023\/12\/WhatsApp-Image-2023-12-04-at-17.15.24-400x300.jpeg 400w, https:\/\/www.anamt.org.br\/portal\/wp-content\/uploads\/2023\/12\/WhatsApp-Image-2023-12-04-at-17.15.24-600x451.jpeg 600w, https:\/\/www.anamt.org.br\/portal\/wp-content\/uploads\/2023\/12\/WhatsApp-Image-2023-12-04-at-17.15.24-768x577.jpeg 768w, https:\/\/www.anamt.org.br\/portal\/wp-content\/uploads\/2023\/12\/WhatsApp-Image-2023-12-04-at-17.15.24-800x601.jpeg 800w, https:\/\/www.anamt.org.br\/portal\/wp-content\/uploads\/2023\/12\/WhatsApp-Image-2023-12-04-at-17.15.24.jpeg 1024w\" sizes=\"(max-width: 600px) 100vw, 600px\" \/><\/p>\n<p><img decoding=\"async\" class=\"aligncenter wp-image-48862 size-fusion-600\" src=\"https:\/\/www.anamt.org.br\/portal\/wp-content\/uploads\/2023\/12\/WhatsApp-Image-2023-12-04-at-17.15.24-1-600x338.jpeg\" alt=\"\" width=\"600\" height=\"338\" srcset=\"https:\/\/www.anamt.org.br\/portal\/wp-content\/uploads\/2023\/12\/WhatsApp-Image-2023-12-04-at-17.15.24-1-200x113.jpeg 200w, https:\/\/www.anamt.org.br\/portal\/wp-content\/uploads\/2023\/12\/WhatsApp-Image-2023-12-04-at-17.15.24-1-300x169.jpeg 300w, https:\/\/www.anamt.org.br\/portal\/wp-content\/uploads\/2023\/12\/WhatsApp-Image-2023-12-04-at-17.15.24-1-400x225.jpeg 400w, https:\/\/www.anamt.org.br\/portal\/wp-content\/uploads\/2023\/12\/WhatsApp-Image-2023-12-04-at-17.15.24-1-600x338.jpeg 600w, https:\/\/www.anamt.org.br\/portal\/wp-content\/uploads\/2023\/12\/WhatsApp-Image-2023-12-04-at-17.15.24-1-768x432.jpeg 768w, https:\/\/www.anamt.org.br\/portal\/wp-content\/uploads\/2023\/12\/WhatsApp-Image-2023-12-04-at-17.15.24-1-800x451.jpeg 800w, https:\/\/www.anamt.org.br\/portal\/wp-content\/uploads\/2023\/12\/WhatsApp-Image-2023-12-04-at-17.15.24-1-1024x577.jpeg 1024w, https:\/\/www.anamt.org.br\/portal\/wp-content\/uploads\/2023\/12\/WhatsApp-Image-2023-12-04-at-17.15.24-1-1200x676.jpeg 1200w, https:\/\/www.anamt.org.br\/portal\/wp-content\/uploads\/2023\/12\/WhatsApp-Image-2023-12-04-at-17.15.24-1-1536x865.jpeg 1536w, https:\/\/www.anamt.org.br\/portal\/wp-content\/uploads\/2023\/12\/WhatsApp-Image-2023-12-04-at-17.15.24-1.jpeg 1600w\" sizes=\"(max-width: 600px) 100vw, 600px\" \/><\/p>\n<p>Dra. Gilvana Campos, diretora de Legisla\u00e7\u00e3o da ANAMT, representou a entidade em uma reuni\u00e3o do Comit\u00ea Nacional Interinstitucional do Tribunal Superior do Trabalho (TST) realizada no dia 4 de dezembro, em Bras\u00edlia (DF).<\/p>\n","protected":false},"excerpt":{"rendered":"<p>Dra. Gilvana Campos, diretora de Legisla\u00e7\u00e3o da ANAMT, representou a entidade em uma reuni\u00e3o do Comit\u00ea Nacional Interinstitucional do Tribunal Superior do Trabalho (TST) realizada no dia 4 de dezembro, em Bras\u00edlia (DF).<\/p>\n","protected":false},"author":5,"featured_media":48861,"comment_status":"closed","ping_status":"closed","sticky":false,"template":"","format":"standard","meta":{"footnotes":""},"categories":[77,8],"tags":[],"_links":{"self":[{"href":"https:\/\/www.anamt.org.br\/portal\/wp-json\/wp\/v2\/posts\/48860"}],"collection":[{"href":"https:\/\/www.anamt.org.br\/portal\/wp-json\/wp\/v2\/posts"}],"about":[{"href":"https:\/\/www.anamt.org.br\/portal\/wp-json\/wp\/v2\/types\/post"}],"author":[{"embeddable":true,"href":"https:\/\/www.anamt.org.br\/portal\/wp-json\/wp\/v2\/users\/5"}],"replies":[{"embeddable":true,"href":"https:\/\/www.anamt.org.br\/portal\/wp-json\/wp\/v2\/comments?post=48860"}],"version-history":[{"count":1,"href":"https:\/\/www.anamt.org.br\/portal\/wp-json\/wp\/v2\/posts\/48860\/revisions"}],"predecessor-version":[{"id":48864,"href":"https:\/\/www.anamt.org.br\/portal\/wp-json\/wp\/v2\/posts\/48860\/revisions\/48864"}],"wp:featuredmedia":[{"embeddable":true,"href":"https:\/\/www.anamt.org.br\/portal\/wp-json\/wp\/v2\/media\/48861"}],"wp:attachment":[{"href":"https:\/\/www.anamt.org.br\/portal\/wp-json\/wp\/v2\/media?parent=48860"}],"wp:term":[{"taxonomy":"category","embeddable":true,"href":"https:\/\/www.anamt.org.br\/portal\/wp-json\/wp\/v2\/categories?post=48860"},{"taxonomy":"post_tag","embeddable":true,"href":"https:\/\/www.anamt.org.br\/portal\/wp-json\/wp\/v2\/tags?post=48860"}],"curies":[{"name":"wp","href":"https:\/\/api.w.org\/{rel}","templated":true}]}}