{"id":48856,"date":"2023-12-08T08:18:52","date_gmt":"2023-12-08T11:18:52","guid":{"rendered":"https:\/\/www.anamt.org.br\/portal\/?p=48856"},"modified":"2023-12-08T08:18:52","modified_gmt":"2023-12-08T11:18:52","slug":"anamt-participa-da-3a-maratona-abresst","status":"publish","type":"post","link":"https:\/\/www.anamt.org.br\/portal\/2023\/12\/08\/anamt-participa-da-3a-maratona-abresst\/","title":{"rendered":"ANAMT participa da 3\u00aa Maratona Abresst"},"content":{"rendered":"<p><img decoding=\"async\" class=\"aligncenter wp-image-48857 size-fusion-600\" src=\"https:\/\/www.anamt.org.br\/portal\/wp-content\/uploads\/2023\/12\/WhatsApp-Image-2023-12-06-at-11.19.00-600x600.jpeg\" alt=\"\" width=\"600\" height=\"600\" srcset=\"https:\/\/www.anamt.org.br\/portal\/wp-content\/uploads\/2023\/12\/WhatsApp-Image-2023-12-06-at-11.19.00-66x66.jpeg 66w, https:\/\/www.anamt.org.br\/portal\/wp-content\/uploads\/2023\/12\/WhatsApp-Image-2023-12-06-at-11.19.00-150x150.jpeg 150w, https:\/\/www.anamt.org.br\/portal\/wp-content\/uploads\/2023\/12\/WhatsApp-Image-2023-12-06-at-11.19.00-200x200.jpeg 200w, https:\/\/www.anamt.org.br\/portal\/wp-content\/uploads\/2023\/12\/WhatsApp-Image-2023-12-06-at-11.19.00-300x300.jpeg 300w, https:\/\/www.anamt.org.br\/portal\/wp-content\/uploads\/2023\/12\/WhatsApp-Image-2023-12-06-at-11.19.00-400x400.jpeg 400w, https:\/\/www.anamt.org.br\/portal\/wp-content\/uploads\/2023\/12\/WhatsApp-Image-2023-12-06-at-11.19.00-600x600.jpeg 600w, https:\/\/www.anamt.org.br\/portal\/wp-content\/uploads\/2023\/12\/WhatsApp-Image-2023-12-06-at-11.19.00-768x768.jpeg 768w, https:\/\/www.anamt.org.br\/portal\/wp-content\/uploads\/2023\/12\/WhatsApp-Image-2023-12-06-at-11.19.00-800x800.jpeg 800w, https:\/\/www.anamt.org.br\/portal\/wp-content\/uploads\/2023\/12\/WhatsApp-Image-2023-12-06-at-11.19.00-1024x1024.jpeg 1024w, https:\/\/www.anamt.org.br\/portal\/wp-content\/uploads\/2023\/12\/WhatsApp-Image-2023-12-06-at-11.19.00-1200x1200.jpeg 1200w, https:\/\/www.anamt.org.br\/portal\/wp-content\/uploads\/2023\/12\/WhatsApp-Image-2023-12-06-at-11.19.00-1536x1536.jpeg 1536w, https:\/\/www.anamt.org.br\/portal\/wp-content\/uploads\/2023\/12\/WhatsApp-Image-2023-12-06-at-11.19.00.jpeg 1600w\" sizes=\"(max-width: 600px) 100vw, 600px\" \/><\/p>\n<p>O presidente da ANAMT, Dr. Francisco Cortes Fernandes, participou da 3\u00aa edi\u00e7\u00e3o da Maratona Abresst, evento da Associa\u00e7\u00e3o Brasileira de Empresas de Sa\u00fade e Seguran\u00e7a do Trabalho, realizada no dia 1\u00ba de dezembro. Na ocasi\u00e3o, Dr. Francisco falou sobre Exame Ocupacional.<\/p>\n<p>No dia 4 de dezembro, ele tamb\u00e9m participou do 25\u00ba Congresso Nacional de Engenharia de Seguran\u00e7a (CONEST), que ocorreu em Florian\u00f3polis (SC), no qual participou da mesa redonda sobre Os Desafios Profissionais Frente a Realiza\u00e7\u00e3o da SST.<\/p>\n","protected":false},"excerpt":{"rendered":"<p>O presidente da ANAMT, Dr. Francisco Cortes Fernandes, participou da 3\u00aa edi\u00e7\u00e3o da Maratona Abresst, evento da Associa\u00e7\u00e3o Brasileira de Empresas de Sa\u00fade e Seguran\u00e7a do Trabalho, realizada no dia 1\u00ba de dezembro. Na ocasi\u00e3o, Dr. Francisco falou sobre Exame Ocupacional. No dia 4 de dezembro, ele tamb\u00e9m participou do 25\u00ba Congresso Nacional de Engenharia [&hellip;]<\/p>\n","protected":false},"author":5,"featured_media":48858,"comment_status":"closed","ping_status":"closed","sticky":false,"template":"","format":"standard","meta":{"footnotes":""},"categories":[77,8],"tags":[],"_links":{"self":[{"href":"https:\/\/www.anamt.org.br\/portal\/wp-json\/wp\/v2\/posts\/48856"}],"collection":[{"href":"https:\/\/www.anamt.org.br\/portal\/wp-json\/wp\/v2\/posts"}],"about":[{"href":"https:\/\/www.anamt.org.br\/portal\/wp-json\/wp\/v2\/types\/post"}],"author":[{"embeddable":true,"href":"https:\/\/www.anamt.org.br\/portal\/wp-json\/wp\/v2\/users\/5"}],"replies":[{"embeddable":true,"href":"https:\/\/www.anamt.org.br\/portal\/wp-json\/wp\/v2\/comments?post=48856"}],"version-history":[{"count":1,"href":"https:\/\/www.anamt.org.br\/portal\/wp-json\/wp\/v2\/posts\/48856\/revisions"}],"predecessor-version":[{"id":48859,"href":"https:\/\/www.anamt.org.br\/portal\/wp-json\/wp\/v2\/posts\/48856\/revisions\/48859"}],"wp:featuredmedia":[{"embeddable":true,"href":"https:\/\/www.anamt.org.br\/portal\/wp-json\/wp\/v2\/media\/48858"}],"wp:attachment":[{"href":"https:\/\/www.anamt.org.br\/portal\/wp-json\/wp\/v2\/media?parent=48856"}],"wp:term":[{"taxonomy":"category","embeddable":true,"href":"https:\/\/www.anamt.org.br\/portal\/wp-json\/wp\/v2\/categories?post=48856"},{"taxonomy":"post_tag","embeddable":true,"href":"https:\/\/www.anamt.org.br\/portal\/wp-json\/wp\/v2\/tags?post=48856"}],"curies":[{"name":"wp","href":"https:\/\/api.w.org\/{rel}","templated":true}]}}