{"id":48852,"date":"2023-12-06T10:18:16","date_gmt":"2023-12-06T13:18:16","guid":{"rendered":"https:\/\/www.anamt.org.br\/portal\/?p=48852"},"modified":"2024-01-05T09:21:33","modified_gmt":"2024-01-05T12:21:33","slug":"20o-congresso-nacional-anamt-apresentacoes-estao-disponiveis","status":"publish","type":"post","link":"https:\/\/www.anamt.org.br\/portal\/2023\/12\/06\/20o-congresso-nacional-anamt-apresentacoes-estao-disponiveis\/","title":{"rendered":"20\u00ba Congresso Nacional ANAMT: apresenta\u00e7\u00f5es est\u00e3o dispon\u00edveis"},"content":{"rendered":"<p><img decoding=\"async\" class=\"aligncenter wp-image-48703 size-fusion-800\" src=\"https:\/\/www.anamt.org.br\/portal\/wp-content\/uploads\/2023\/11\/CEL_2475-800x530.jpg\" alt=\"\" width=\"800\" height=\"530\" srcset=\"https:\/\/www.anamt.org.br\/portal\/wp-content\/uploads\/2023\/11\/CEL_2475-200x132.jpg 200w, https:\/\/www.anamt.org.br\/portal\/wp-content\/uploads\/2023\/11\/CEL_2475-300x199.jpg 300w, https:\/\/www.anamt.org.br\/portal\/wp-content\/uploads\/2023\/11\/CEL_2475-400x265.jpg 400w, https:\/\/www.anamt.org.br\/portal\/wp-content\/uploads\/2023\/11\/CEL_2475-600x397.jpg 600w, https:\/\/www.anamt.org.br\/portal\/wp-content\/uploads\/2023\/11\/CEL_2475-768x509.jpg 768w, https:\/\/www.anamt.org.br\/portal\/wp-content\/uploads\/2023\/11\/CEL_2475-800x530.jpg 800w, https:\/\/www.anamt.org.br\/portal\/wp-content\/uploads\/2023\/11\/CEL_2475-1024x678.jpg 1024w, https:\/\/www.anamt.org.br\/portal\/wp-content\/uploads\/2023\/11\/CEL_2475-1200x795.jpg 1200w, https:\/\/www.anamt.org.br\/portal\/wp-content\/uploads\/2023\/11\/CEL_2475-1536x1017.jpg 1536w\" sizes=\"(max-width: 800px) 100vw, 800px\" \/><\/p>\n<p>As apresenta\u00e7\u00f5es dos palestrantes do 20\u00ba Congresso Nacional ANAMT est\u00e3o dispon\u00edveis da \u00e1rea de conte\u00fado exclusivo dos associados. O material pode ser acessado<a href=\"https:\/\/www.anamt.org.br\/portal\/20o-congresso-nacional-anamt-2023\/\" target=\"_blank\" rel=\"noopener\"><strong> aqui<\/strong><\/a>.<\/p>\n<p>O evento ocorreu entre os dias 22 a 25 de novembro em Porto Alegre (RS).<\/p>\n","protected":false},"excerpt":{"rendered":"<p>As apresenta\u00e7\u00f5es dos palestrantes do 20\u00ba Congresso Nacional ANAMT est\u00e3o dispon\u00edveis da \u00e1rea de conte\u00fado exclusivo dos associados. O material pode ser acessado aqui. O evento ocorreu entre os dias 22 a 25 de novembro em Porto Alegre (RS).<\/p>\n","protected":false},"author":5,"featured_media":47996,"comment_status":"closed","ping_status":"closed","sticky":false,"template":"","format":"standard","meta":{"footnotes":""},"categories":[77,8],"tags":[],"_links":{"self":[{"href":"https:\/\/www.anamt.org.br\/portal\/wp-json\/wp\/v2\/posts\/48852"}],"collection":[{"href":"https:\/\/www.anamt.org.br\/portal\/wp-json\/wp\/v2\/posts"}],"about":[{"href":"https:\/\/www.anamt.org.br\/portal\/wp-json\/wp\/v2\/types\/post"}],"author":[{"embeddable":true,"href":"https:\/\/www.anamt.org.br\/portal\/wp-json\/wp\/v2\/users\/5"}],"replies":[{"embeddable":true,"href":"https:\/\/www.anamt.org.br\/portal\/wp-json\/wp\/v2\/comments?post=48852"}],"version-history":[{"count":2,"href":"https:\/\/www.anamt.org.br\/portal\/wp-json\/wp\/v2\/posts\/48852\/revisions"}],"predecessor-version":[{"id":49350,"href":"https:\/\/www.anamt.org.br\/portal\/wp-json\/wp\/v2\/posts\/48852\/revisions\/49350"}],"wp:featuredmedia":[{"embeddable":true,"href":"https:\/\/www.anamt.org.br\/portal\/wp-json\/wp\/v2\/media\/47996"}],"wp:attachment":[{"href":"https:\/\/www.anamt.org.br\/portal\/wp-json\/wp\/v2\/media?parent=48852"}],"wp:term":[{"taxonomy":"category","embeddable":true,"href":"https:\/\/www.anamt.org.br\/portal\/wp-json\/wp\/v2\/categories?post=48852"},{"taxonomy":"post_tag","embeddable":true,"href":"https:\/\/www.anamt.org.br\/portal\/wp-json\/wp\/v2\/tags?post=48852"}],"curies":[{"name":"wp","href":"https:\/\/api.w.org\/{rel}","templated":true}]}}