{"id":48725,"date":"2023-11-27T12:43:34","date_gmt":"2023-11-27T15:43:34","guid":{"rendered":"https:\/\/www.anamt.org.br\/portal\/?p=48725"},"modified":"2024-04-04T08:18:59","modified_gmt":"2024-04-04T11:18:59","slug":"defesa-profissional-trf-da-3a-regiao-reforma-decisao-que-concedia-titulo-de-especialista-a-medico-com-pos-graduacao","status":"publish","type":"post","link":"https:\/\/www.anamt.org.br\/portal\/2023\/11\/27\/defesa-profissional-trf-da-3a-regiao-reforma-decisao-que-concedia-titulo-de-especialista-a-medico-com-pos-graduacao\/","title":{"rendered":"Defesa Profissional: TRF da 3\u00aa Regi\u00e3o reforma decis\u00e3o que concedia t\u00edtulo de especialista a m\u00e9dico com p\u00f3s-gradua\u00e7\u00e3o"},"content":{"rendered":"<p>O Tribunal Regional Federal da 3\u00aa Regi\u00e3o acolheu um recurso do CREMESP no qual reforma a senten\u00e7a que concedia t\u00edtulo de especialista em Medicina do Trabalho \u00e0 m\u00e9dico que havia cursado p\u00f3s-gradua\u00e7\u00e3o. A decis\u00e3o ocorreu ap\u00f3s a ANAMT ingressar no processo como Amirus Curiae (institui\u00e7\u00e3o que fornece subs\u00eddio \u00e0s decis\u00f5es nos tribunais).<\/p>\n<p>A decis\u00e3o refor\u00e7a a import\u00e2ncia do t\u00edtulo de especialista em Medicina do Trabalho e as a\u00e7\u00f5es da ANAMT em defesa do ato m\u00e9dico. O documento pode ser visto <a href=\"https:\/\/www.anamt.org.br\/portal\/wp-content\/uploads\/2023\/11\/Acordcao-ANAMT-e-CREMESP.pdf\" target=\"_blank\" rel=\"noopener\"><strong>aqui<\/strong><\/a>.<\/p>\n","protected":false},"excerpt":{"rendered":"<p>O Tribunal Regional Federal da 3\u00aa Regi\u00e3o acolheu um recurso do CREMESP no qual reforma a senten\u00e7a que concedia t\u00edtulo de especialista em Medicina do Trabalho \u00e0 m\u00e9dico que havia cursado p\u00f3s-gradua\u00e7\u00e3o. A decis\u00e3o ocorreu ap\u00f3s a ANAMT ingressar no processo como Amirus Curiae (institui\u00e7\u00e3o que fornece subs\u00eddio \u00e0s decis\u00f5es nos tribunais). A decis\u00e3o refor\u00e7a [&hellip;]<\/p>\n","protected":false},"author":5,"featured_media":48293,"comment_status":"closed","ping_status":"closed","sticky":false,"template":"","format":"standard","meta":{"footnotes":""},"categories":[267,77,8],"tags":[],"_links":{"self":[{"href":"https:\/\/www.anamt.org.br\/portal\/wp-json\/wp\/v2\/posts\/48725"}],"collection":[{"href":"https:\/\/www.anamt.org.br\/portal\/wp-json\/wp\/v2\/posts"}],"about":[{"href":"https:\/\/www.anamt.org.br\/portal\/wp-json\/wp\/v2\/types\/post"}],"author":[{"embeddable":true,"href":"https:\/\/www.anamt.org.br\/portal\/wp-json\/wp\/v2\/users\/5"}],"replies":[{"embeddable":true,"href":"https:\/\/www.anamt.org.br\/portal\/wp-json\/wp\/v2\/comments?post=48725"}],"version-history":[{"count":1,"href":"https:\/\/www.anamt.org.br\/portal\/wp-json\/wp\/v2\/posts\/48725\/revisions"}],"predecessor-version":[{"id":48727,"href":"https:\/\/www.anamt.org.br\/portal\/wp-json\/wp\/v2\/posts\/48725\/revisions\/48727"}],"wp:featuredmedia":[{"embeddable":true,"href":"https:\/\/www.anamt.org.br\/portal\/wp-json\/wp\/v2\/media\/48293"}],"wp:attachment":[{"href":"https:\/\/www.anamt.org.br\/portal\/wp-json\/wp\/v2\/media?parent=48725"}],"wp:term":[{"taxonomy":"category","embeddable":true,"href":"https:\/\/www.anamt.org.br\/portal\/wp-json\/wp\/v2\/categories?post=48725"},{"taxonomy":"post_tag","embeddable":true,"href":"https:\/\/www.anamt.org.br\/portal\/wp-json\/wp\/v2\/tags?post=48725"}],"curies":[{"name":"wp","href":"https:\/\/api.w.org\/{rel}","templated":true}]}}