{"id":48720,"date":"2023-11-20T11:43:37","date_gmt":"2023-11-20T14:43:37","guid":{"rendered":"https:\/\/www.anamt.org.br\/portal\/?p=48720"},"modified":"2023-11-27T12:05:22","modified_gmt":"2023-11-27T15:05:22","slug":"anamt-participa-do-xviii-congreso-latinoamericano-de-salud-ocupacional","status":"publish","type":"post","link":"https:\/\/www.anamt.org.br\/portal\/2023\/11\/20\/anamt-participa-do-xviii-congreso-latinoamericano-de-salud-ocupacional\/","title":{"rendered":"ANAMT participa do XVIII Congreso Latinoamericano de Salud Ocupacional"},"content":{"rendered":"<p>O presidente da ANAMT, Dr. Francisco Cortes Fernandes, representou a Associa\u00e7\u00e3o no XVIII Congreso Latinoamericano de Salud Ocupacional y I Congreso Chileno de Medicinal del Trabajo, ocorrido entre os dias 15 e 17 de novembro em Santiago, capital do Chile. O congresso foi realizado pela Asociaci\u00f3n Latinoamericana de Salud Ocupacional (ALSO) e a Sociedad Chilena de Medicina del Trabajo (SOCHMET). Entre os temas centrais da programa\u00e7\u00e3o, Globaliza\u00e7\u00e3o e Sa\u00fade Ocupacional, Desafios do Trabalho a Dist\u00e2ncia e Inova\u00e7\u00e3o e Tecnologia em Sa\u00fade Ocupacional.<\/p>\n<p>Durante o evento, Dr. Francisco Cortes Fernandes, participou da Assembleia da Asociaci\u00f3n Latinoamericana de Salud Ocupacional (ALSO).<\/p>\n<p><img decoding=\"async\" class=\"aligncenter wp-image-48722 size-fusion-600\" src=\"https:\/\/www.anamt.org.br\/portal\/wp-content\/uploads\/2023\/11\/WhatsApp-Image-2023-11-19-at-11.10.13-600x571.jpeg\" alt=\"\" width=\"600\" height=\"571\" srcset=\"https:\/\/www.anamt.org.br\/portal\/wp-content\/uploads\/2023\/11\/WhatsApp-Image-2023-11-19-at-11.10.13-200x190.jpeg 200w, https:\/\/www.anamt.org.br\/portal\/wp-content\/uploads\/2023\/11\/WhatsApp-Image-2023-11-19-at-11.10.13-300x285.jpeg 300w, https:\/\/www.anamt.org.br\/portal\/wp-content\/uploads\/2023\/11\/WhatsApp-Image-2023-11-19-at-11.10.13-400x381.jpeg 400w, https:\/\/www.anamt.org.br\/portal\/wp-content\/uploads\/2023\/11\/WhatsApp-Image-2023-11-19-at-11.10.13-600x571.jpeg 600w, https:\/\/www.anamt.org.br\/portal\/wp-content\/uploads\/2023\/11\/WhatsApp-Image-2023-11-19-at-11.10.13-768x731.jpeg 768w, https:\/\/www.anamt.org.br\/portal\/wp-content\/uploads\/2023\/11\/WhatsApp-Image-2023-11-19-at-11.10.13-800x761.jpeg 800w, https:\/\/www.anamt.org.br\/portal\/wp-content\/uploads\/2023\/11\/WhatsApp-Image-2023-11-19-at-11.10.13-1024x974.jpeg 1024w, https:\/\/www.anamt.org.br\/portal\/wp-content\/uploads\/2023\/11\/WhatsApp-Image-2023-11-19-at-11.10.13-1200x1142.jpeg 1200w, https:\/\/www.anamt.org.br\/portal\/wp-content\/uploads\/2023\/11\/WhatsApp-Image-2023-11-19-at-11.10.13.jpeg 1261w\" sizes=\"(max-width: 600px) 100vw, 600px\" \/><\/p>\n<p><img decoding=\"async\" class=\"aligncenter wp-image-48723 size-fusion-600\" src=\"https:\/\/www.anamt.org.br\/portal\/wp-content\/uploads\/2023\/11\/WhatsApp-Image-2023-11-25-at-19.05.09-1-600x342.jpeg\" alt=\"\" width=\"600\" height=\"342\" srcset=\"https:\/\/www.anamt.org.br\/portal\/wp-content\/uploads\/2023\/11\/WhatsApp-Image-2023-11-25-at-19.05.09-1-200x114.jpeg 200w, https:\/\/www.anamt.org.br\/portal\/wp-content\/uploads\/2023\/11\/WhatsApp-Image-2023-11-25-at-19.05.09-1-300x171.jpeg 300w, https:\/\/www.anamt.org.br\/portal\/wp-content\/uploads\/2023\/11\/WhatsApp-Image-2023-11-25-at-19.05.09-1-400x228.jpeg 400w, https:\/\/www.anamt.org.br\/portal\/wp-content\/uploads\/2023\/11\/WhatsApp-Image-2023-11-25-at-19.05.09-1-600x342.jpeg 600w, https:\/\/www.anamt.org.br\/portal\/wp-content\/uploads\/2023\/11\/WhatsApp-Image-2023-11-25-at-19.05.09-1-768x438.jpeg 768w, https:\/\/www.anamt.org.br\/portal\/wp-content\/uploads\/2023\/11\/WhatsApp-Image-2023-11-25-at-19.05.09-1-800x456.jpeg 800w, https:\/\/www.anamt.org.br\/portal\/wp-content\/uploads\/2023\/11\/WhatsApp-Image-2023-11-25-at-19.05.09-1-1024x584.jpeg 1024w, https:\/\/www.anamt.org.br\/portal\/wp-content\/uploads\/2023\/11\/WhatsApp-Image-2023-11-25-at-19.05.09-1-1200x684.jpeg 1200w, https:\/\/www.anamt.org.br\/portal\/wp-content\/uploads\/2023\/11\/WhatsApp-Image-2023-11-25-at-19.05.09-1-1536x876.jpeg 1536w, https:\/\/www.anamt.org.br\/portal\/wp-content\/uploads\/2023\/11\/WhatsApp-Image-2023-11-25-at-19.05.09-1.jpeg 1600w\" sizes=\"(max-width: 600px) 100vw, 600px\" \/><\/p>\n","protected":false},"excerpt":{"rendered":"<p>O presidente da ANAMT, Dr. Francisco Cortes Fernandes, representou a Associa\u00e7\u00e3o no XVIII Congreso Latinoamericano de Salud Ocupacional y I Congreso Chileno de Medicinal del Trabajo, ocorrido entre os dias 15 e 17 de novembro em Santiago, capital do Chile. O congresso foi realizado pela Asociaci\u00f3n Latinoamericana de Salud Ocupacional (ALSO) e a Sociedad Chilena [&hellip;]<\/p>\n","protected":false},"author":5,"featured_media":48721,"comment_status":"closed","ping_status":"closed","sticky":false,"template":"","format":"standard","meta":{"footnotes":""},"categories":[77,8],"tags":[],"_links":{"self":[{"href":"https:\/\/www.anamt.org.br\/portal\/wp-json\/wp\/v2\/posts\/48720"}],"collection":[{"href":"https:\/\/www.anamt.org.br\/portal\/wp-json\/wp\/v2\/posts"}],"about":[{"href":"https:\/\/www.anamt.org.br\/portal\/wp-json\/wp\/v2\/types\/post"}],"author":[{"embeddable":true,"href":"https:\/\/www.anamt.org.br\/portal\/wp-json\/wp\/v2\/users\/5"}],"replies":[{"embeddable":true,"href":"https:\/\/www.anamt.org.br\/portal\/wp-json\/wp\/v2\/comments?post=48720"}],"version-history":[{"count":1,"href":"https:\/\/www.anamt.org.br\/portal\/wp-json\/wp\/v2\/posts\/48720\/revisions"}],"predecessor-version":[{"id":48724,"href":"https:\/\/www.anamt.org.br\/portal\/wp-json\/wp\/v2\/posts\/48720\/revisions\/48724"}],"wp:featuredmedia":[{"embeddable":true,"href":"https:\/\/www.anamt.org.br\/portal\/wp-json\/wp\/v2\/media\/48721"}],"wp:attachment":[{"href":"https:\/\/www.anamt.org.br\/portal\/wp-json\/wp\/v2\/media?parent=48720"}],"wp:term":[{"taxonomy":"category","embeddable":true,"href":"https:\/\/www.anamt.org.br\/portal\/wp-json\/wp\/v2\/categories?post=48720"},{"taxonomy":"post_tag","embeddable":true,"href":"https:\/\/www.anamt.org.br\/portal\/wp-json\/wp\/v2\/tags?post=48720"}],"curies":[{"name":"wp","href":"https:\/\/api.w.org\/{rel}","templated":true}]}}