{"id":48706,"date":"2023-11-25T10:31:43","date_gmt":"2023-11-25T13:31:43","guid":{"rendered":"https:\/\/www.anamt.org.br\/portal\/?p=48706"},"modified":"2023-11-25T14:55:50","modified_gmt":"2023-11-25T17:55:50","slug":"20o-congresso-nacional-anamt-ultimo-dia-aborda-seguranca-do-trabalho-e-doencas-relacionadas-ao-trabalho","status":"publish","type":"post","link":"https:\/\/www.anamt.org.br\/portal\/2023\/11\/25\/20o-congresso-nacional-anamt-ultimo-dia-aborda-seguranca-do-trabalho-e-doencas-relacionadas-ao-trabalho\/","title":{"rendered":"20\u00ba Congresso Nacional ANAMT: \u00faltimo dia aborda Seguran\u00e7a do Trabalho e Doen\u00e7as Relacionadas ao Trabalho"},"content":{"rendered":"<p>O \u00faltimo dia do 25\u00ba Congresso Nacional ANAMT teve in\u00edcio com a confer\u00eancia O Futuro do Trabalho com Justi\u00e7a Social. Tamb\u00e9m foi realizado o F\u00f3rum de Per\u00edcia M\u00e9dica, coordenado pela Dra. Gilvana Campos.<\/p>\n<p><img decoding=\"async\" class=\"aligncenter wp-image-48717 size-fusion-400\" src=\"https:\/\/www.anamt.org.br\/portal\/wp-content\/uploads\/2023\/11\/WhatsApp-Image-2023-11-25-at-14.47.23-400x533.jpeg\" alt=\"\" width=\"400\" height=\"533\" srcset=\"https:\/\/www.anamt.org.br\/portal\/wp-content\/uploads\/2023\/11\/WhatsApp-Image-2023-11-25-at-14.47.23-200x267.jpeg 200w, https:\/\/www.anamt.org.br\/portal\/wp-content\/uploads\/2023\/11\/WhatsApp-Image-2023-11-25-at-14.47.23-225x300.jpeg 225w, https:\/\/www.anamt.org.br\/portal\/wp-content\/uploads\/2023\/11\/WhatsApp-Image-2023-11-25-at-14.47.23-400x533.jpeg 400w, https:\/\/www.anamt.org.br\/portal\/wp-content\/uploads\/2023\/11\/WhatsApp-Image-2023-11-25-at-14.47.23-600x800.jpeg 600w, https:\/\/www.anamt.org.br\/portal\/wp-content\/uploads\/2023\/11\/WhatsApp-Image-2023-11-25-at-14.47.23.jpeg 768w\" sizes=\"(max-width: 400px) 100vw, 400px\" \/><\/p>\n<p>Na data, tamb\u00e9m ocorreu o painel sobre Seguran\u00e7a do Trabalho, com apresenta\u00e7\u00e3o do Dr. Luiz Francisco Lopes, que falou sobre Conceitos T\u00e9cnicos de A\u00e7\u00f5es e Profissionais Envolvidos em Gest\u00e3o de SST. Dr. S\u00e9rgio Cascaes abordou o tema PGR\/GRO \u2013 Dados anal\u00edticos para preven\u00e7\u00e3o de acidentes de trabalho. Dr. Luiz Henrique dos Anjos falou sobre O Uso da Metodologia da \u00c1rvore de Causas na An\u00e1lise e Investiga\u00e7\u00e3o de Acidentes\/Incidentes e Doen\u00e7as do Trabalho. Doen\u00e7as Relacionadas ao Trabalho II foi outro painel realizado, com a participa\u00e7\u00e3o de Dr. Jo\u00e3o Marcelo Ramalho, Dr. Leandro Guimar\u00e3es, Dra. Joyce Ferro e Alex Schwengber.<\/p>\n<p><img decoding=\"async\" class=\"aligncenter wp-image-48715 size-fusion-600\" src=\"https:\/\/www.anamt.org.br\/portal\/wp-content\/uploads\/2023\/11\/WhatsApp-Image-2023-11-25-at-12.38.16-600x450.jpeg\" alt=\"\" width=\"600\" height=\"450\" srcset=\"https:\/\/www.anamt.org.br\/portal\/wp-content\/uploads\/2023\/11\/WhatsApp-Image-2023-11-25-at-12.38.16-200x150.jpeg 200w, https:\/\/www.anamt.org.br\/portal\/wp-content\/uploads\/2023\/11\/WhatsApp-Image-2023-11-25-at-12.38.16-300x225.jpeg 300w, https:\/\/www.anamt.org.br\/portal\/wp-content\/uploads\/2023\/11\/WhatsApp-Image-2023-11-25-at-12.38.16-400x300.jpeg 400w, https:\/\/www.anamt.org.br\/portal\/wp-content\/uploads\/2023\/11\/WhatsApp-Image-2023-11-25-at-12.38.16-600x450.jpeg 600w, https:\/\/www.anamt.org.br\/portal\/wp-content\/uploads\/2023\/11\/WhatsApp-Image-2023-11-25-at-12.38.16-768x576.jpeg 768w, https:\/\/www.anamt.org.br\/portal\/wp-content\/uploads\/2023\/11\/WhatsApp-Image-2023-11-25-at-12.38.16-800x600.jpeg 800w, https:\/\/www.anamt.org.br\/portal\/wp-content\/uploads\/2023\/11\/WhatsApp-Image-2023-11-25-at-12.38.16-1024x768.jpeg 1024w, https:\/\/www.anamt.org.br\/portal\/wp-content\/uploads\/2023\/11\/WhatsApp-Image-2023-11-25-at-12.38.16-1200x900.jpeg 1200w, https:\/\/www.anamt.org.br\/portal\/wp-content\/uploads\/2023\/11\/WhatsApp-Image-2023-11-25-at-12.38.16-1536x1152.jpeg 1536w, https:\/\/www.anamt.org.br\/portal\/wp-content\/uploads\/2023\/11\/WhatsApp-Image-2023-11-25-at-12.38.16.jpeg 1600w\" sizes=\"(max-width: 600px) 100vw, 600px\" \/><\/p>\n<p>Doen\u00e7as Relacionadas ao Trabalho III foi o tema de outro painel, com apresenta\u00e7\u00e3o de Dr. C\u00e9sar Reis, que tratou do assunto Epidemiologia das Doen\u00e7as Relacionadas ao Trabalho na Calif\u00f3rnia. Dra. Rosylane Rocha falou sobre Custos de Afastamento Laboral por Doen\u00e7a RT e DCNT x Investimento em Preven\u00e7\u00e3o. Dr. Leonardo Cabral abordou o tema A Import\u00e2ncia do Exame Peri\u00f3dico no Monitoramento de Riscos.<\/p>\n<p><img decoding=\"async\" class=\"aligncenter wp-image-48712 size-fusion-600\" src=\"https:\/\/www.anamt.org.br\/portal\/wp-content\/uploads\/2023\/11\/WhatsApp-Image-2023-11-25-at-10.50.12-1-600x909.jpeg\" alt=\"\" width=\"600\" height=\"909\" srcset=\"https:\/\/www.anamt.org.br\/portal\/wp-content\/uploads\/2023\/11\/WhatsApp-Image-2023-11-25-at-10.50.12-1-198x300.jpeg 198w, https:\/\/www.anamt.org.br\/portal\/wp-content\/uploads\/2023\/11\/WhatsApp-Image-2023-11-25-at-10.50.12-1-200x303.jpeg 200w, https:\/\/www.anamt.org.br\/portal\/wp-content\/uploads\/2023\/11\/WhatsApp-Image-2023-11-25-at-10.50.12-1-400x606.jpeg 400w, https:\/\/www.anamt.org.br\/portal\/wp-content\/uploads\/2023\/11\/WhatsApp-Image-2023-11-25-at-10.50.12-1-600x909.jpeg 600w, https:\/\/www.anamt.org.br\/portal\/wp-content\/uploads\/2023\/11\/WhatsApp-Image-2023-11-25-at-10.50.12-1-676x1024.jpeg 676w, https:\/\/www.anamt.org.br\/portal\/wp-content\/uploads\/2023\/11\/WhatsApp-Image-2023-11-25-at-10.50.12-1-768x1163.jpeg 768w, https:\/\/www.anamt.org.br\/portal\/wp-content\/uploads\/2023\/11\/WhatsApp-Image-2023-11-25-at-10.50.12-1-800x1212.jpeg 800w, https:\/\/www.anamt.org.br\/portal\/wp-content\/uploads\/2023\/11\/WhatsApp-Image-2023-11-25-at-10.50.12-1-1014x1536.jpeg 1014w, https:\/\/www.anamt.org.br\/portal\/wp-content\/uploads\/2023\/11\/WhatsApp-Image-2023-11-25-at-10.50.12-1.jpeg 1049w\" sizes=\"(max-width: 600px) 100vw, 600px\" \/><\/p>\n","protected":false},"excerpt":{"rendered":"<p>O \u00faltimo dia do 25\u00ba Congresso Nacional ANAMT teve in\u00edcio com a confer\u00eancia O Futuro do Trabalho com Justi\u00e7a Social. Tamb\u00e9m foi realizado o F\u00f3rum de Per\u00edcia M\u00e9dica, coordenado pela Dra. Gilvana Campos. Na data, tamb\u00e9m ocorreu o painel sobre Seguran\u00e7a do Trabalho, com apresenta\u00e7\u00e3o do Dr. Luiz Francisco Lopes, que falou sobre Conceitos T\u00e9cnicos [&hellip;]<\/p>\n","protected":false},"author":5,"featured_media":47996,"comment_status":"closed","ping_status":"closed","sticky":false,"template":"","format":"standard","meta":{"footnotes":""},"categories":[77,8],"tags":[],"_links":{"self":[{"href":"https:\/\/www.anamt.org.br\/portal\/wp-json\/wp\/v2\/posts\/48706"}],"collection":[{"href":"https:\/\/www.anamt.org.br\/portal\/wp-json\/wp\/v2\/posts"}],"about":[{"href":"https:\/\/www.anamt.org.br\/portal\/wp-json\/wp\/v2\/types\/post"}],"author":[{"embeddable":true,"href":"https:\/\/www.anamt.org.br\/portal\/wp-json\/wp\/v2\/users\/5"}],"replies":[{"embeddable":true,"href":"https:\/\/www.anamt.org.br\/portal\/wp-json\/wp\/v2\/comments?post=48706"}],"version-history":[{"count":2,"href":"https:\/\/www.anamt.org.br\/portal\/wp-json\/wp\/v2\/posts\/48706\/revisions"}],"predecessor-version":[{"id":48718,"href":"https:\/\/www.anamt.org.br\/portal\/wp-json\/wp\/v2\/posts\/48706\/revisions\/48718"}],"wp:featuredmedia":[{"embeddable":true,"href":"https:\/\/www.anamt.org.br\/portal\/wp-json\/wp\/v2\/media\/47996"}],"wp:attachment":[{"href":"https:\/\/www.anamt.org.br\/portal\/wp-json\/wp\/v2\/media?parent=48706"}],"wp:term":[{"taxonomy":"category","embeddable":true,"href":"https:\/\/www.anamt.org.br\/portal\/wp-json\/wp\/v2\/categories?post=48706"},{"taxonomy":"post_tag","embeddable":true,"href":"https:\/\/www.anamt.org.br\/portal\/wp-json\/wp\/v2\/tags?post=48706"}],"curies":[{"name":"wp","href":"https:\/\/api.w.org\/{rel}","templated":true}]}}