{"id":48702,"date":"2023-11-25T10:25:50","date_gmt":"2023-11-25T13:25:50","guid":{"rendered":"https:\/\/www.anamt.org.br\/portal\/?p=48702"},"modified":"2023-11-25T10:26:32","modified_gmt":"2023-11-25T13:26:32","slug":"anamt-transmite-a-abertura-oficial-do-20o-congresso-nacional","status":"publish","type":"post","link":"https:\/\/www.anamt.org.br\/portal\/2023\/11\/25\/anamt-transmite-a-abertura-oficial-do-20o-congresso-nacional\/","title":{"rendered":"ANAMT transmite a abertura oficial do 20\u00ba Congresso Nacional"},"content":{"rendered":"<p><img decoding=\"async\" class=\"aligncenter wp-image-48703 size-fusion-600\" src=\"https:\/\/www.anamt.org.br\/portal\/wp-content\/uploads\/2023\/11\/CEL_2475-600x397.jpg\" alt=\"\" width=\"600\" height=\"397\" srcset=\"https:\/\/www.anamt.org.br\/portal\/wp-content\/uploads\/2023\/11\/CEL_2475-200x132.jpg 200w, https:\/\/www.anamt.org.br\/portal\/wp-content\/uploads\/2023\/11\/CEL_2475-300x199.jpg 300w, https:\/\/www.anamt.org.br\/portal\/wp-content\/uploads\/2023\/11\/CEL_2475-400x265.jpg 400w, https:\/\/www.anamt.org.br\/portal\/wp-content\/uploads\/2023\/11\/CEL_2475-600x397.jpg 600w, https:\/\/www.anamt.org.br\/portal\/wp-content\/uploads\/2023\/11\/CEL_2475-768x509.jpg 768w, https:\/\/www.anamt.org.br\/portal\/wp-content\/uploads\/2023\/11\/CEL_2475-800x530.jpg 800w, https:\/\/www.anamt.org.br\/portal\/wp-content\/uploads\/2023\/11\/CEL_2475-1024x678.jpg 1024w, https:\/\/www.anamt.org.br\/portal\/wp-content\/uploads\/2023\/11\/CEL_2475-1200x795.jpg 1200w, https:\/\/www.anamt.org.br\/portal\/wp-content\/uploads\/2023\/11\/CEL_2475-1536x1017.jpg 1536w\" sizes=\"(max-width: 600px) 100vw, 600px\" \/><\/p>\n<p>A ANAMT realizou, nesta quinta-feira (23), a abertura do 20\u00ba Congresso Nacional ANAMT. Sediado no Centro de Eventos da PUCRS, o evento foi transmitido pelo canal da Associa\u00e7\u00e3o no Youtube. A cobertura teve in\u00edcio \u00e0s 10h e contou com uma programa\u00e7\u00e3o variada. Ao longo de pouco mais de 5h de dura\u00e7\u00e3o da live, o apresentador Valdir Borges mostrou a \u00e1rea de exposi\u00e7\u00e3o com os stands da ANAMT e dos patrocinadores, entrevistou painelistas, congressistas e o p\u00fablico geral.<\/p>\n<p>A transmiss\u00e3o tamb\u00e9m exibiu a cerim\u00f4nia oficial de abertura na \u00faltima quarta-feira (22). No audit\u00f3rio principal, Valdir deu o pontap\u00e9 inicial e chamou ao palco o presidente da ANAMT Dr. Francisco Cortes Fernandes &#8211; que fez um discurso de boas vindas aos espectadores e agradecimento aos parceiros.<\/p>\n<p>Tamb\u00e9m participaram da solenidade de abertura o presidente da Sociedade Ga\u00facha de Medicina do Trabalho (SOGAMT) e presidente do evento, Dr. Jorge Cantergi, o diretor adjunto do Centro Estadual de Vigil\u00e2ncia em Sa\u00fade do Rio Grande do Sul, Marcelo Jostmeier, o coordenador do Centro de Refer\u00eancia em Sa\u00fade do Trabalhador de Porto Alegre, Diego da Silva, a subsecret\u00e1ria de Seguran\u00e7a e Sa\u00fade do Trabalho da Secretaria de Estado de Planejamento, Or\u00e7amento e Administra\u00e7\u00e3o do Distrito Federal, Dra. Luiza Barreiros, a coordenadora adjunta da Coordenadoria Nacional de Defesa do Meio Ambiente do Trabalho e da Sa\u00fade do Trabalhador e da Trabalhadora, Dra. Cirlene Zimmermann, a diretora cient\u00edfica da ANAMT, Dra. Rosylane Rocha, o presidente do Conselho Regional de Medicina do Rio Grande do Sul (CRMRS), Dr. Eduardo Trindade, o presidente da Associa\u00e7\u00e3o M\u00e9dica do Rio Grande do Sul (AMRIGS), Dr. Gerson Junqueira J\u00fanior, o diretor geral do Sindicato dos M\u00e9dicos do Estado do Rio Grande do Sul (SIMERS), Dr. Fernando Uberti, o presidente do Col\u00e9gio Americano de Medicina Ocupacional e Meio Ambiente (ACOEM), Dr. Kenji Saito e o presidente da Associa\u00e7\u00e3o Brasileira de Higienistas Ocupacionais (ABHO), Dr. Luiz Carlos de Miranda Junior,<\/p>\n<p>No evento, tamb\u00e9m foram realizadas homenagens a m\u00e9dicos do trabalho pioneiros da especialidade, entregues por Dr. Francisco e pela diretora financeira da Associa\u00e7\u00e3o, Dra. Joyce Ferro. Dr. Jo\u00e3o Maeso Montes, Dr. Ruddy Facci, Dr. Dirceu Ara\u00fajo, Dr. \u00c1lvaro Frig\u00e9rio, Dr. Carlos Campos e Dra. Maria das Gra\u00e7as Castro, Dr. Pascoal Gomes, Dr. Valker Lacerda e Dr. Benones Carvalho. Dr. Francisco tamb\u00e9m recebeu uma homenagem, entregue pela Dra. Rosylane Rocha.<\/p>\n<p>A celebra\u00e7\u00e3o ainda contou com a exibi\u00e7\u00e3o musical da Orquestra Jovem do Rio Grande do Sul sob a reg\u00eancia do maestro Telmo Jaconi.<\/p>\n<p>A transmiss\u00e3o pode ser vista abaixo:<\/p>\n<div class=\"video-shortcode\"><iframe title=\"Cobertura 20\u00ba Congresso Nacional ANAMT Dia 23\/11\" width=\"1500\" height=\"844\" src=\"https:\/\/www.youtube.com\/embed\/gLKWlNismKU?feature=oembed\" frameborder=\"0\" allow=\"accelerometer; autoplay; clipboard-write; encrypted-media; gyroscope; picture-in-picture; web-share\" allowfullscreen><\/iframe><\/div>\n<p>&nbsp;<\/p>\n","protected":false},"excerpt":{"rendered":"<p>A ANAMT realizou, nesta quinta-feira (23), a abertura do 20\u00ba Congresso Nacional ANAMT. Sediado no Centro de Eventos da PUCRS, o evento foi transmitido pelo canal da Associa\u00e7\u00e3o no Youtube. A cobertura teve in\u00edcio \u00e0s 10h e contou com uma programa\u00e7\u00e3o variada. Ao longo de pouco mais de 5h de dura\u00e7\u00e3o da live, o apresentador [&hellip;]<\/p>\n","protected":false},"author":5,"featured_media":47996,"comment_status":"closed","ping_status":"closed","sticky":false,"template":"","format":"standard","meta":{"footnotes":""},"categories":[77,8],"tags":[],"_links":{"self":[{"href":"https:\/\/www.anamt.org.br\/portal\/wp-json\/wp\/v2\/posts\/48702"}],"collection":[{"href":"https:\/\/www.anamt.org.br\/portal\/wp-json\/wp\/v2\/posts"}],"about":[{"href":"https:\/\/www.anamt.org.br\/portal\/wp-json\/wp\/v2\/types\/post"}],"author":[{"embeddable":true,"href":"https:\/\/www.anamt.org.br\/portal\/wp-json\/wp\/v2\/users\/5"}],"replies":[{"embeddable":true,"href":"https:\/\/www.anamt.org.br\/portal\/wp-json\/wp\/v2\/comments?post=48702"}],"version-history":[{"count":1,"href":"https:\/\/www.anamt.org.br\/portal\/wp-json\/wp\/v2\/posts\/48702\/revisions"}],"predecessor-version":[{"id":48704,"href":"https:\/\/www.anamt.org.br\/portal\/wp-json\/wp\/v2\/posts\/48702\/revisions\/48704"}],"wp:featuredmedia":[{"embeddable":true,"href":"https:\/\/www.anamt.org.br\/portal\/wp-json\/wp\/v2\/media\/47996"}],"wp:attachment":[{"href":"https:\/\/www.anamt.org.br\/portal\/wp-json\/wp\/v2\/media?parent=48702"}],"wp:term":[{"taxonomy":"category","embeddable":true,"href":"https:\/\/www.anamt.org.br\/portal\/wp-json\/wp\/v2\/categories?post=48702"},{"taxonomy":"post_tag","embeddable":true,"href":"https:\/\/www.anamt.org.br\/portal\/wp-json\/wp\/v2\/tags?post=48702"}],"curies":[{"name":"wp","href":"https:\/\/api.w.org\/{rel}","templated":true}]}}