{"id":48695,"date":"2023-11-24T14:10:47","date_gmt":"2023-11-24T17:10:47","guid":{"rendered":"https:\/\/www.anamt.org.br\/portal\/?p=48695"},"modified":"2024-01-05T09:27:33","modified_gmt":"2024-01-05T12:27:33","slug":"20o-congresso-nacional-anamt-confira-as-materias-sobre-o-evento","status":"publish","type":"post","link":"https:\/\/www.anamt.org.br\/portal\/2023\/11\/24\/20o-congresso-nacional-anamt-confira-as-materias-sobre-o-evento\/","title":{"rendered":"20\u00ba Congresso Nacional ANAMT: confira as mat\u00e9rias sobre o evento"},"content":{"rendered":"<p><img decoding=\"async\" class=\"aligncenter wp-image-49351 size-fusion-800\" src=\"https:\/\/www.anamt.org.br\/portal\/wp-content\/uploads\/2023\/11\/IMN_2235-26-800x530.jpg\" alt=\"\" width=\"800\" height=\"530\" srcset=\"https:\/\/www.anamt.org.br\/portal\/wp-content\/uploads\/2023\/11\/IMN_2235-26-200x132.jpg 200w, https:\/\/www.anamt.org.br\/portal\/wp-content\/uploads\/2023\/11\/IMN_2235-26-300x199.jpg 300w, https:\/\/www.anamt.org.br\/portal\/wp-content\/uploads\/2023\/11\/IMN_2235-26-400x265.jpg 400w, https:\/\/www.anamt.org.br\/portal\/wp-content\/uploads\/2023\/11\/IMN_2235-26-600x397.jpg 600w, https:\/\/www.anamt.org.br\/portal\/wp-content\/uploads\/2023\/11\/IMN_2235-26-768x509.jpg 768w, https:\/\/www.anamt.org.br\/portal\/wp-content\/uploads\/2023\/11\/IMN_2235-26-800x530.jpg 800w, https:\/\/www.anamt.org.br\/portal\/wp-content\/uploads\/2023\/11\/IMN_2235-26-1024x678.jpg 1024w, https:\/\/www.anamt.org.br\/portal\/wp-content\/uploads\/2023\/11\/IMN_2235-26-1200x795.jpg 1200w, https:\/\/www.anamt.org.br\/portal\/wp-content\/uploads\/2023\/11\/IMN_2235-26-1536x1017.jpg 1536w\" sizes=\"(max-width: 800px) 100vw, 800px\" \/><\/p>\n<p>Entre os dias 22 e 25 de novembro, a ANAMT realizou, em Porto Alegre (RS), o 20\u00ba Congresso Nacional ANAMT. Veja abaixo as mat\u00e9rias sobre o evento:<\/p>\n<p><a href=\"https:\/\/www.anamt.org.br\/portal\/2023\/11\/21\/forum-de-trabalho-seguro-seminario-sobre-riscos-biologicos-e-ii-encontro-de-medicos-do-trabalho-foram-destaques-no-primeiro-dia-de-esquenta-do-20o-congresso-nacional-anamt\/\" target=\"_blank\" rel=\"noopener\">F\u00f3rum de trabalho seguro, Semin\u00e1rio sobre riscos biol\u00f3gicos e II Encontro de m\u00e9dicos do trabalho foram destaques no primeiro dia de \u2018Esquenta\u2019 do 20\u00ba Congresso Nacional ANAMT<\/a><\/p>\n<p><a href=\"https:\/\/www.anamt.org.br\/portal\/2023\/11\/21\/segundo-dia-de-esquenta-aborda-saude-dos-servidores-publicos-formacao-dos-medicos-do-trabalho-entre-outros-temas\/\" target=\"_blank\" rel=\"noopener\">Segundo dia de Esquenta aborda sa\u00fade dos servidores p\u00fablicos, forma\u00e7\u00e3o dos m\u00e9dicos do trabalho, entre outros temas<\/a><\/p>\n<p><a href=\"https:\/\/www.anamt.org.br\/portal\/2023\/11\/21\/programacao-pre-congresso-do-20o-congresso-nacional-anamt-oferece-cursos-e-oficinas-para-os-medicos-do-trabalho\/\" target=\"_blank\" rel=\"noopener\">Programa\u00e7\u00e3o Pr\u00e9-Congresso do 20\u00ba Congresso Nacional ANAMT oferece cursos e oficinas para os m\u00e9dicos do trabalho<\/a><\/p>\n<p><a href=\"https:\/\/www.anamt.org.br\/portal\/2023\/11\/25\/anamt-transmite-a-abertura-oficial-do-20o-congresso-nacional\/\" target=\"_blank\" rel=\"noopener\">ANAMT transmite a abertura oficial do 20\u00ba Congresso Nacional<\/a><\/p>\n<p><a href=\"https:\/\/www.anamt.org.br\/portal\/2023\/11\/23\/20o-congresso-nacional-anamt-evolucao-da-medicina-do-trabalho-gestao-em-saude-e-transtornos-mentais-sao-abordados-no-primeiro-dia-do-evento\/\" target=\"_blank\" rel=\"noopener\">20\u00ba Congresso Nacional ANAMT: evolu\u00e7\u00e3o da medicina do trabalho, gest\u00e3o em sa\u00fade e transtornos mentais s\u00e3o abordados no primeiro dia do evento<\/a><\/p>\n<p><a href=\"https:\/\/www.anamt.org.br\/portal\/2023\/11\/24\/20o-congresso-nacional-anamt-organizacao-do-trabalho-etica-e-medicina-na-era-da-tecnologia-foram-alguns-dos-assuntos-tratados\/\" target=\"_blank\" rel=\"noopener\">20\u00ba Congresso Nacional ANAMT: Organiza\u00e7\u00e3o do Trabalho, \u00c9tica e Medicina na Era da Tecnologia foram alguns dos assuntos tratados<\/a><\/p>\n<p><a href=\"https:\/\/www.anamt.org.br\/portal\/2023\/11\/25\/20o-congresso-nacional-anamt-ultimo-dia-aborda-seguranca-do-trabalho-e-doencas-relacionadas-ao-trabalho\/\" target=\"_blank\" rel=\"noopener\">20\u00ba Congresso Nacional ANAMT: \u00faltimo dia aborda Seguran\u00e7a do Trabalho e Doen\u00e7as Relacionadas ao Trabalho<\/a><\/p>\n<p>As fotos do evento tamb\u00e9m est\u00e3o dispon\u00edveis no Flickr da Anamt. As imagens podem ser vistas <a href=\"https:\/\/www.flickr.com\/photos\/196909257@N02\/albums\/72177720312961680\/\" target=\"_blank\" rel=\"noopener\"><strong>aqui<\/strong><\/a>.<\/p>\n<p><img decoding=\"async\" class=\"aligncenter wp-image-49352 size-fusion-800\" src=\"https:\/\/www.anamt.org.br\/portal\/wp-content\/uploads\/2023\/11\/IMG_3186-800x533.jpg\" alt=\"\" width=\"800\" height=\"533\" srcset=\"https:\/\/www.anamt.org.br\/portal\/wp-content\/uploads\/2023\/11\/IMG_3186-200x133.jpg 200w, https:\/\/www.anamt.org.br\/portal\/wp-content\/uploads\/2023\/11\/IMG_3186-300x200.jpg 300w, https:\/\/www.anamt.org.br\/portal\/wp-content\/uploads\/2023\/11\/IMG_3186-400x267.jpg 400w, https:\/\/www.anamt.org.br\/portal\/wp-content\/uploads\/2023\/11\/IMG_3186-600x400.jpg 600w, https:\/\/www.anamt.org.br\/portal\/wp-content\/uploads\/2023\/11\/IMG_3186-768x512.jpg 768w, https:\/\/www.anamt.org.br\/portal\/wp-content\/uploads\/2023\/11\/IMG_3186-800x533.jpg 800w, https:\/\/www.anamt.org.br\/portal\/wp-content\/uploads\/2023\/11\/IMG_3186-1024x683.jpg 1024w, https:\/\/www.anamt.org.br\/portal\/wp-content\/uploads\/2023\/11\/IMG_3186-1200x800.jpg 1200w, https:\/\/www.anamt.org.br\/portal\/wp-content\/uploads\/2023\/11\/IMG_3186-1536x1024.jpg 1536w\" sizes=\"(max-width: 800px) 100vw, 800px\" \/><\/p>\n","protected":false},"excerpt":{"rendered":"<p>Entre os dias 22 e 25 de novembro, a ANAMT realizou, em Porto Alegre (RS), o 20\u00ba Congresso Nacional ANAMT. Veja abaixo as mat\u00e9rias sobre o evento: F\u00f3rum de trabalho seguro, Semin\u00e1rio sobre riscos biol\u00f3gicos e II Encontro de m\u00e9dicos do trabalho foram destaques no primeiro dia de \u2018Esquenta\u2019 do 20\u00ba Congresso Nacional ANAMT Segundo [&hellip;]<\/p>\n","protected":false},"author":5,"featured_media":47996,"comment_status":"closed","ping_status":"closed","sticky":false,"template":"","format":"standard","meta":{"footnotes":""},"categories":[77,8],"tags":[],"_links":{"self":[{"href":"https:\/\/www.anamt.org.br\/portal\/wp-json\/wp\/v2\/posts\/48695"}],"collection":[{"href":"https:\/\/www.anamt.org.br\/portal\/wp-json\/wp\/v2\/posts"}],"about":[{"href":"https:\/\/www.anamt.org.br\/portal\/wp-json\/wp\/v2\/types\/post"}],"author":[{"embeddable":true,"href":"https:\/\/www.anamt.org.br\/portal\/wp-json\/wp\/v2\/users\/5"}],"replies":[{"embeddable":true,"href":"https:\/\/www.anamt.org.br\/portal\/wp-json\/wp\/v2\/comments?post=48695"}],"version-history":[{"count":2,"href":"https:\/\/www.anamt.org.br\/portal\/wp-json\/wp\/v2\/posts\/48695\/revisions"}],"predecessor-version":[{"id":49353,"href":"https:\/\/www.anamt.org.br\/portal\/wp-json\/wp\/v2\/posts\/48695\/revisions\/49353"}],"wp:featuredmedia":[{"embeddable":true,"href":"https:\/\/www.anamt.org.br\/portal\/wp-json\/wp\/v2\/media\/47996"}],"wp:attachment":[{"href":"https:\/\/www.anamt.org.br\/portal\/wp-json\/wp\/v2\/media?parent=48695"}],"wp:term":[{"taxonomy":"category","embeddable":true,"href":"https:\/\/www.anamt.org.br\/portal\/wp-json\/wp\/v2\/categories?post=48695"},{"taxonomy":"post_tag","embeddable":true,"href":"https:\/\/www.anamt.org.br\/portal\/wp-json\/wp\/v2\/tags?post=48695"}],"curies":[{"name":"wp","href":"https:\/\/api.w.org\/{rel}","templated":true}]}}