{"id":48692,"date":"2023-11-24T14:00:41","date_gmt":"2023-11-24T17:00:41","guid":{"rendered":"https:\/\/www.anamt.org.br\/portal\/?p=48692"},"modified":"2023-11-24T17:22:24","modified_gmt":"2023-11-24T20:22:24","slug":"20o-congresso-nacional-anamt-organizacao-do-trabalho-etica-e-medicina-na-era-da-tecnologia-foram-alguns-dos-assuntos-tratados","status":"publish","type":"post","link":"https:\/\/www.anamt.org.br\/portal\/2023\/11\/24\/20o-congresso-nacional-anamt-organizacao-do-trabalho-etica-e-medicina-na-era-da-tecnologia-foram-alguns-dos-assuntos-tratados\/","title":{"rendered":"20\u00ba Congresso Nacional ANAMT: Organiza\u00e7\u00e3o do Trabalho, \u00c9tica e Medicina na Era da Tecnologia foram alguns dos assuntos tratados"},"content":{"rendered":"<p>A Confer\u00eancia Os 3\u2019s dos Estudos do Futuro \u2013 Science, Society and Spirituality, realizada pelo Prof. Gil Giardelli, deu in\u00edcio \u00e0 programa\u00e7\u00e3o do segundo dia do 20\u00ba Congresso Nacional ANAMT. A apresenta\u00e7\u00e3o foi presidida pelo presidente da ANAMT, Dr. Francisco Cortes Fernandes.<\/p>\n<p>O primeiro painel do dia abordou o tema Transtornos Mentais, sob coordena\u00e7\u00e3o de Dra. Rita de C\u00e1ssia Camar\u00e3o. Os painelistas foram Dr. Cl\u00e1udio Martins, que falou sobre Depress\u00e3o, Transtorno Misto Ansioso e Depressivo, TAG: Preven\u00e7\u00e3o e Incapacidade, al\u00e9m de Dra. Roberta Rossi, que tratou do tema Transtorno Afetivo Bipolar, S\u00edndrome do P\u00e2nico e TEPT: Diagn\u00f3stico, Incapacidade e Restri\u00e7\u00f5es. O \u00faltimo palestrante foi Dr. Fernando Machado, que falou sobre Panorama do Suic\u00eddio no Brasil: Preven\u00e7\u00e3o e Conduta.<\/p>\n<p><img decoding=\"async\" class=\"aligncenter wp-image-48700 size-fusion-400\" src=\"https:\/\/www.anamt.org.br\/portal\/wp-content\/uploads\/2023\/11\/WhatsApp-Image-2023-11-24-at-17.09.41-400x533.jpeg\" alt=\"\" width=\"400\" height=\"533\" srcset=\"https:\/\/www.anamt.org.br\/portal\/wp-content\/uploads\/2023\/11\/WhatsApp-Image-2023-11-24-at-17.09.41-200x267.jpeg 200w, https:\/\/www.anamt.org.br\/portal\/wp-content\/uploads\/2023\/11\/WhatsApp-Image-2023-11-24-at-17.09.41-225x300.jpeg 225w, https:\/\/www.anamt.org.br\/portal\/wp-content\/uploads\/2023\/11\/WhatsApp-Image-2023-11-24-at-17.09.41-400x533.jpeg 400w, https:\/\/www.anamt.org.br\/portal\/wp-content\/uploads\/2023\/11\/WhatsApp-Image-2023-11-24-at-17.09.41-600x800.jpeg 600w, https:\/\/www.anamt.org.br\/portal\/wp-content\/uploads\/2023\/11\/WhatsApp-Image-2023-11-24-at-17.09.41-768x1024.jpeg 768w, https:\/\/www.anamt.org.br\/portal\/wp-content\/uploads\/2023\/11\/WhatsApp-Image-2023-11-24-at-17.09.41-800x1067.jpeg 800w, https:\/\/www.anamt.org.br\/portal\/wp-content\/uploads\/2023\/11\/WhatsApp-Image-2023-11-24-at-17.09.41-1152x1536.jpeg 1152w, https:\/\/www.anamt.org.br\/portal\/wp-content\/uploads\/2023\/11\/WhatsApp-Image-2023-11-24-at-17.09.41.jpeg 1200w\" sizes=\"(max-width: 400px) 100vw, 400px\" \/><\/p>\n<p>Dist\u00farbios Osteomusculares foi o assunto tratado em outro painel, coordenado por Dr. Jos\u00e9 Santos. LER\/DORT: Estado de Arte foi o tema da apresenta\u00e7\u00e3o de Dr. Leandro Guimar\u00e3es. Outro palestrante, Dr. Hudson Couto, falou sobre As 6 Fases das M\u00e1s Condi\u00e7\u00f5es de Ergonomia na Sa\u00fade dos Trabalhadores e no Passivo das Empresas \u2013 em 7 Analogias. Nexo Causal e Concausa foi o assunto tratado por Dra. Thays Zoccaratto.<\/p>\n<p><img decoding=\"async\" class=\"aligncenter wp-image-48693 size-fusion-600\" src=\"https:\/\/www.anamt.org.br\/portal\/wp-content\/uploads\/2023\/11\/WhatsApp-Image-2023-11-24-at-12.10.08-1-600x401.jpeg\" alt=\"\" width=\"600\" height=\"401\" srcset=\"https:\/\/www.anamt.org.br\/portal\/wp-content\/uploads\/2023\/11\/WhatsApp-Image-2023-11-24-at-12.10.08-1-200x134.jpeg 200w, https:\/\/www.anamt.org.br\/portal\/wp-content\/uploads\/2023\/11\/WhatsApp-Image-2023-11-24-at-12.10.08-1-300x200.jpeg 300w, https:\/\/www.anamt.org.br\/portal\/wp-content\/uploads\/2023\/11\/WhatsApp-Image-2023-11-24-at-12.10.08-1-400x267.jpeg 400w, https:\/\/www.anamt.org.br\/portal\/wp-content\/uploads\/2023\/11\/WhatsApp-Image-2023-11-24-at-12.10.08-1-600x401.jpeg 600w, https:\/\/www.anamt.org.br\/portal\/wp-content\/uploads\/2023\/11\/WhatsApp-Image-2023-11-24-at-12.10.08-1-768x513.jpeg 768w, https:\/\/www.anamt.org.br\/portal\/wp-content\/uploads\/2023\/11\/WhatsApp-Image-2023-11-24-at-12.10.08-1-800x534.jpeg 800w, https:\/\/www.anamt.org.br\/portal\/wp-content\/uploads\/2023\/11\/WhatsApp-Image-2023-11-24-at-12.10.08-1.jpeg 1024w\" sizes=\"(max-width: 600px) 100vw, 600px\" \/><\/p>\n<p>Outro painel foi em torno do tema Organiza\u00e7\u00e3o do Trabalho, sob coordena\u00e7\u00e3o de Dra. Tatiana Rigotti. Dra. Frida Fischer falou sobre o assunto Fadiga e Sonol\u00eancia em Trabalhadores em Turnos. Dr. Vin\u00edcius de Mello apresentou uma palestra sobre O Trabalho, a Sa\u00fade e a Doen\u00e7a: uma Realidade em Mudan\u00e7a que o Teletrabalho Agora Revelou. O desembargador Alexandre da Cruz falou sobre A Intelig\u00eancia Jur\u00eddica do Acidente de Trabalho nas Novas Formas de Labor.<\/p>\n<p>\u00c0 tarde, ocorreu a confer\u00eancia Medicina na Era da Tecnologia, com palestra do Dr. Jos\u00e9 de Jesus Peixoto Camargo, presidida por Dr. Dirceu Rodrigues. Em seguida, ocorreu o painel sobre Preven\u00e7\u00e3o e Promo\u00e7\u00e3o da Sa\u00fade, coordenado por Dr. Raffaello di Bernardi. Dr. Alberto Ogata realizou uma apresenta\u00e7\u00e3o sobre Qualidade de Vida, Dr. Eduardo Santiago abordou o assunto Ambiente de Trabalho Saud\u00e1vel: um Objetivo Permanente, Dra. Lorena Caleffi falou sobre Sa\u00fade Mental e Espiritualidade e Dr. Jo\u00e3o Marcelo Ramalho tratou do tema Cuidado em Sa\u00fade Mental em uma Usina Sider\u00fargica.<\/p>\n<p>Direito M\u00e9dico e \u00c9tica foi o tema de outro painel, com palestras sobre LGPD em Medicina do Trabalho: Sigilo Profissional e Confidencialidade, realizada por Dr. Alberthy Ogliari, Responsabilidade de Guarda de Prontu\u00e1rio: A Cl\u00ednica Fechou, o M\u00e9dico se Aposentou. O que Fazer, abordado por Dr. Iseu Milman, Telemedicina e Transforma\u00e7\u00f5es do Atendimento M\u00e9dico no Brasil, apresenta\u00e7\u00e3o de Chao Lung Wen, Deveres Legais e \u00c9ticos do Respons\u00e1vel pelo PCMSO, abordado por Dr. Jo\u00e3o Baptista Neto.<\/p>\n<p>Em outro painel, sobre \u00c9tica, foram realizadas as apresenta\u00e7\u00f5es de Dra. Lizia Mota, que falou sobre Avalia\u00e7\u00e3o da Capacidade Laboral: Autonomia do M\u00e9dico do Trabalho na Homologa\u00e7\u00e3o de Atestado, da Dra. Priscila Schwarcz, cujo tema foi Combate \u00e0 Subnotifica\u00e7\u00e3o de Doen\u00e7as e Acidentes Relacionados ao Trabalho, de Dra. Jennifer Leal, que abordou o assunto Sigilo Profissional Frente \u00e0s Auditorias e Fiscaliza\u00e7\u00f5es, e o tema Rela\u00e7\u00e3o entre M\u00e9dico Assistente, M\u00e9dico Perito e M\u00e9dico do Trabalho. Tamb\u00e9m ocorreu o painel sobre Legisla\u00e7\u00e3o Previdenci\u00e1ria, com a participa\u00e7\u00e3o de Prof. Marcos Mendanha, Dr. Eduardo Costa S\u00e1, Dr. Pascoal Gomes da Costa Neto, Dra. Fernanda Benjamim e Dr. Leonardo Cabral.<\/p>\n<p><img decoding=\"async\" class=\"aligncenter wp-image-48698 size-fusion-600\" src=\"https:\/\/www.anamt.org.br\/portal\/wp-content\/uploads\/2023\/11\/WhatsApp-Image-2023-11-24-at-16.12.15-1-600x450.jpeg\" alt=\"\" width=\"600\" height=\"450\" srcset=\"https:\/\/www.anamt.org.br\/portal\/wp-content\/uploads\/2023\/11\/WhatsApp-Image-2023-11-24-at-16.12.15-1-200x150.jpeg 200w, https:\/\/www.anamt.org.br\/portal\/wp-content\/uploads\/2023\/11\/WhatsApp-Image-2023-11-24-at-16.12.15-1-300x225.jpeg 300w, https:\/\/www.anamt.org.br\/portal\/wp-content\/uploads\/2023\/11\/WhatsApp-Image-2023-11-24-at-16.12.15-1-400x300.jpeg 400w, https:\/\/www.anamt.org.br\/portal\/wp-content\/uploads\/2023\/11\/WhatsApp-Image-2023-11-24-at-16.12.15-1-600x450.jpeg 600w, https:\/\/www.anamt.org.br\/portal\/wp-content\/uploads\/2023\/11\/WhatsApp-Image-2023-11-24-at-16.12.15-1-768x576.jpeg 768w, https:\/\/www.anamt.org.br\/portal\/wp-content\/uploads\/2023\/11\/WhatsApp-Image-2023-11-24-at-16.12.15-1-800x600.jpeg 800w, https:\/\/www.anamt.org.br\/portal\/wp-content\/uploads\/2023\/11\/WhatsApp-Image-2023-11-24-at-16.12.15-1-1024x768.jpeg 1024w, https:\/\/www.anamt.org.br\/portal\/wp-content\/uploads\/2023\/11\/WhatsApp-Image-2023-11-24-at-16.12.15-1-1200x900.jpeg 1200w, https:\/\/www.anamt.org.br\/portal\/wp-content\/uploads\/2023\/11\/WhatsApp-Image-2023-11-24-at-16.12.15-1.jpeg 1280w\" sizes=\"(max-width: 600px) 100vw, 600px\" \/><\/p>\n<p>Ainda foi realizada a confer\u00eancia O Impacto da Aten\u00e7\u00e3o Prim\u00e1ria de Sa\u00fade nos Planos de Sa\u00fade, com Dra. Ana Paula Cavalcante e a Assembleia Geral Ordin\u00e1ria da ANAMT.<\/p>\n<p>II Encontro das Cl\u00ednicas e Servi\u00e7os de Sa\u00fade Ocupacional<\/p>\n<p>No evento tamb\u00e9m ocorreu o II Encontro das Cl\u00ednicas e Servi\u00e7os de Sa\u00fade Ocupacional, coordenado por Dr. \u00c1lvaro Frig\u00e9rio. O presidente da ANAMT, Dr. Francisco Cortes Fernandes, realizou uma palestra sobre Responsabilidade das Cl\u00ednicas e Servi\u00e7os de Sa\u00fade Ocupacional na Preserva\u00e7\u00e3o da Sa\u00fade do Trabalhador Brasileiro. Em seguida, Dr. Eduardo Missick, da AGSSO, falou sobre o Atual Cen\u00e1rio e Atua\u00e7\u00e3o das Cl\u00ednicas e Servi\u00e7os de Sa\u00fade Ocupacional x Cen\u00e1rio Nacional, juntamente com Dr. Ricardo Pacheco, da ABRESST.<\/p>\n<p>A diretora cient\u00edfica da ANAMT, Dra. Rosylane Rocha, falou sobre Exame M\u00e9dico Ocupacional x Telemedicina. A empresa AGETechnology\/SOC realizou uma apresenta\u00e7\u00e3o sobre A Import\u00e2ncia da Informatiza\u00e7\u00e3o no dia a dia das Cl\u00ednicas e Servi\u00e7os de Sa\u00fade Ocupacional: Digitaliza\u00e7\u00e3o x Papel Sulfite. Em seguida, Dr Eduardo Missick e Dr. Breno Nascimento, da ABRESST, abordaram o assunto Cl\u00ednicas Credenciadas: expectativas x realidade.<\/p>\n","protected":false},"excerpt":{"rendered":"<p>A Confer\u00eancia Os 3\u2019s dos Estudos do Futuro \u2013 Science, Society and Spirituality, realizada pelo Prof. Gil Giardelli, deu in\u00edcio \u00e0 programa\u00e7\u00e3o do segundo dia do 20\u00ba Congresso Nacional ANAMT. A apresenta\u00e7\u00e3o foi presidida pelo presidente da ANAMT, Dr. Francisco Cortes Fernandes. O primeiro painel do dia abordou o tema Transtornos Mentais, sob coordena\u00e7\u00e3o de [&hellip;]<\/p>\n","protected":false},"author":5,"featured_media":47996,"comment_status":"closed","ping_status":"closed","sticky":false,"template":"","format":"standard","meta":{"footnotes":""},"categories":[77,8],"tags":[],"_links":{"self":[{"href":"https:\/\/www.anamt.org.br\/portal\/wp-json\/wp\/v2\/posts\/48692"}],"collection":[{"href":"https:\/\/www.anamt.org.br\/portal\/wp-json\/wp\/v2\/posts"}],"about":[{"href":"https:\/\/www.anamt.org.br\/portal\/wp-json\/wp\/v2\/types\/post"}],"author":[{"embeddable":true,"href":"https:\/\/www.anamt.org.br\/portal\/wp-json\/wp\/v2\/users\/5"}],"replies":[{"embeddable":true,"href":"https:\/\/www.anamt.org.br\/portal\/wp-json\/wp\/v2\/comments?post=48692"}],"version-history":[{"count":2,"href":"https:\/\/www.anamt.org.br\/portal\/wp-json\/wp\/v2\/posts\/48692\/revisions"}],"predecessor-version":[{"id":48701,"href":"https:\/\/www.anamt.org.br\/portal\/wp-json\/wp\/v2\/posts\/48692\/revisions\/48701"}],"wp:featuredmedia":[{"embeddable":true,"href":"https:\/\/www.anamt.org.br\/portal\/wp-json\/wp\/v2\/media\/47996"}],"wp:attachment":[{"href":"https:\/\/www.anamt.org.br\/portal\/wp-json\/wp\/v2\/media?parent=48692"}],"wp:term":[{"taxonomy":"category","embeddable":true,"href":"https:\/\/www.anamt.org.br\/portal\/wp-json\/wp\/v2\/categories?post=48692"},{"taxonomy":"post_tag","embeddable":true,"href":"https:\/\/www.anamt.org.br\/portal\/wp-json\/wp\/v2\/tags?post=48692"}],"curies":[{"name":"wp","href":"https:\/\/api.w.org\/{rel}","templated":true}]}}