{"id":48673,"date":"2023-11-23T15:28:25","date_gmt":"2023-11-23T18:28:25","guid":{"rendered":"https:\/\/www.anamt.org.br\/portal\/?p=48673"},"modified":"2023-11-23T16:12:38","modified_gmt":"2023-11-23T19:12:38","slug":"20o-congresso-nacional-anamt-evolucao-da-medicina-do-trabalho-gestao-em-saude-e-transtornos-mentais-sao-abordados-no-primeiro-dia-do-evento","status":"publish","type":"post","link":"https:\/\/www.anamt.org.br\/portal\/2023\/11\/23\/20o-congresso-nacional-anamt-evolucao-da-medicina-do-trabalho-gestao-em-saude-e-transtornos-mentais-sao-abordados-no-primeiro-dia-do-evento\/","title":{"rendered":"20\u00ba Congresso Nacional ANAMT: evolu\u00e7\u00e3o da medicina do trabalho, gest\u00e3o em sa\u00fade e transtornos mentais s\u00e3o abordados no primeiro dia do evento"},"content":{"rendered":"<p>O primeiro dia do 20\u00ba Congresso Nacional ANAMT teve in\u00edcio com a confer\u00eancia magna sobre O Progresso da Preven\u00e7\u00e3o em Sa\u00fade Ocupacional, realizada pelo presidente da ANAMT, Dr. Francisco Cortes Fernandes, e presidida por Dr. Ruddy Facci, assessor da presid\u00eancia da Associa\u00e7\u00e3o com participa\u00e7\u00e3o de consultor do Presidente.<\/p>\n<p>Em seguida, foram realizados os pain\u00e9is A Evolu\u00e7\u00e3o da Medicina do Trabalho, com apresenta\u00e7\u00f5es de Dr. Ruddy Facci, que falou sobre a Hist\u00f3ria da Preven\u00e7\u00e3o, desde Ramazzini at\u00e9 dias atuais. O diretor de Rela\u00e7\u00f5es Internacionais da ANAMT, Dr. Ricardo Turenko, abordou o assunto O M\u00e9dico do Trabalho na Assist\u00eancia Integral \u00e0 Sa\u00fade do Trabalhador. A procuradora do Minist\u00e9rio P\u00fablico do Trabalho (MPT), Cirlene Zimmerman, tratou do tema Fortalecimento da Sa\u00fade do Trabalhador do SUS.<\/p>\n<p><img decoding=\"async\" class=\"aligncenter wp-image-48685 size-fusion-600\" src=\"https:\/\/www.anamt.org.br\/portal\/wp-content\/uploads\/2023\/11\/WhatsApp-Image-2023-11-23-at-14.26.08-600x450.jpeg\" alt=\"\" width=\"600\" height=\"450\" srcset=\"https:\/\/www.anamt.org.br\/portal\/wp-content\/uploads\/2023\/11\/WhatsApp-Image-2023-11-23-at-14.26.08-200x150.jpeg 200w, https:\/\/www.anamt.org.br\/portal\/wp-content\/uploads\/2023\/11\/WhatsApp-Image-2023-11-23-at-14.26.08-300x225.jpeg 300w, https:\/\/www.anamt.org.br\/portal\/wp-content\/uploads\/2023\/11\/WhatsApp-Image-2023-11-23-at-14.26.08-400x300.jpeg 400w, https:\/\/www.anamt.org.br\/portal\/wp-content\/uploads\/2023\/11\/WhatsApp-Image-2023-11-23-at-14.26.08-600x450.jpeg 600w, https:\/\/www.anamt.org.br\/portal\/wp-content\/uploads\/2023\/11\/WhatsApp-Image-2023-11-23-at-14.26.08-768x576.jpeg 768w, https:\/\/www.anamt.org.br\/portal\/wp-content\/uploads\/2023\/11\/WhatsApp-Image-2023-11-23-at-14.26.08-800x600.jpeg 800w, https:\/\/www.anamt.org.br\/portal\/wp-content\/uploads\/2023\/11\/WhatsApp-Image-2023-11-23-at-14.26.08-1024x768.jpeg 1024w, https:\/\/www.anamt.org.br\/portal\/wp-content\/uploads\/2023\/11\/WhatsApp-Image-2023-11-23-at-14.26.08-1200x900.jpeg 1200w, https:\/\/www.anamt.org.br\/portal\/wp-content\/uploads\/2023\/11\/WhatsApp-Image-2023-11-23-at-14.26.08-1536x1152.jpeg 1536w, https:\/\/www.anamt.org.br\/portal\/wp-content\/uploads\/2023\/11\/WhatsApp-Image-2023-11-23-at-14.26.08.jpeg 1600w\" sizes=\"(max-width: 600px) 100vw, 600px\" \/><\/p>\n<p>Outro painel, sobre Emerg\u00eancias Sanit\u00e1rias, coordenado pela Dra. L\u00facia Rohde, reuniu os temas Plano de Contingenciamento nas Emerg\u00eancias e Pandemias, apresentado pelo Dr. Kenji Saito (EUA), Como Lidar com o Impositivo de Autoridades Frente \u00e0s Decis\u00f5es de Cunho T\u00e9cnico-Cient\u00edfico?, tratado por Dra. Sandra Gon\u00e7alves, e PCMSO nas Emerg\u00eancias Sanit\u00e1rias, abordado por Dr. Jorge Teixeira.<\/p>\n<p style=\"text-align: center;\"><img decoding=\"async\" class=\"alignnone wp-image-48686 size-fusion-400\" src=\"https:\/\/www.anamt.org.br\/portal\/wp-content\/uploads\/2023\/11\/WhatsApp-Image-2023-11-23-at-12.03.57-400x533.jpeg\" alt=\"\" width=\"400\" height=\"533\" srcset=\"https:\/\/www.anamt.org.br\/portal\/wp-content\/uploads\/2023\/11\/WhatsApp-Image-2023-11-23-at-12.03.57-200x267.jpeg 200w, https:\/\/www.anamt.org.br\/portal\/wp-content\/uploads\/2023\/11\/WhatsApp-Image-2023-11-23-at-12.03.57-225x300.jpeg 225w, https:\/\/www.anamt.org.br\/portal\/wp-content\/uploads\/2023\/11\/WhatsApp-Image-2023-11-23-at-12.03.57-400x533.jpeg 400w, https:\/\/www.anamt.org.br\/portal\/wp-content\/uploads\/2023\/11\/WhatsApp-Image-2023-11-23-at-12.03.57-600x800.jpeg 600w, https:\/\/www.anamt.org.br\/portal\/wp-content\/uploads\/2023\/11\/WhatsApp-Image-2023-11-23-at-12.03.57-768x1024.jpeg 768w, https:\/\/www.anamt.org.br\/portal\/wp-content\/uploads\/2023\/11\/WhatsApp-Image-2023-11-23-at-12.03.57-800x1067.jpeg 800w, https:\/\/www.anamt.org.br\/portal\/wp-content\/uploads\/2023\/11\/WhatsApp-Image-2023-11-23-at-12.03.57-1152x1536.jpeg 1152w, https:\/\/www.anamt.org.br\/portal\/wp-content\/uploads\/2023\/11\/WhatsApp-Image-2023-11-23-at-12.03.57.jpeg 1200w\" sizes=\"(max-width: 400px) 100vw, 400px\" \/><\/p>\n<p>\u00a0<img decoding=\"async\" class=\"alignnone wp-image-48687 size-fusion-400 aligncenter\" src=\"https:\/\/www.anamt.org.br\/portal\/wp-content\/uploads\/2023\/11\/WhatsApp-Image-2023-11-23-at-12.01.35-400x533.jpeg\" alt=\"\" width=\"400\" height=\"533\" srcset=\"https:\/\/www.anamt.org.br\/portal\/wp-content\/uploads\/2023\/11\/WhatsApp-Image-2023-11-23-at-12.01.35-200x267.jpeg 200w, https:\/\/www.anamt.org.br\/portal\/wp-content\/uploads\/2023\/11\/WhatsApp-Image-2023-11-23-at-12.01.35-225x300.jpeg 225w, https:\/\/www.anamt.org.br\/portal\/wp-content\/uploads\/2023\/11\/WhatsApp-Image-2023-11-23-at-12.01.35-400x533.jpeg 400w, https:\/\/www.anamt.org.br\/portal\/wp-content\/uploads\/2023\/11\/WhatsApp-Image-2023-11-23-at-12.01.35-600x800.jpeg 600w, https:\/\/www.anamt.org.br\/portal\/wp-content\/uploads\/2023\/11\/WhatsApp-Image-2023-11-23-at-12.01.35-768x1024.jpeg 768w, https:\/\/www.anamt.org.br\/portal\/wp-content\/uploads\/2023\/11\/WhatsApp-Image-2023-11-23-at-12.01.35-800x1067.jpeg 800w, https:\/\/www.anamt.org.br\/portal\/wp-content\/uploads\/2023\/11\/WhatsApp-Image-2023-11-23-at-12.01.35-1152x1536.jpeg 1152w, https:\/\/www.anamt.org.br\/portal\/wp-content\/uploads\/2023\/11\/WhatsApp-Image-2023-11-23-at-12.01.35.jpeg 1200w\" sizes=\"(max-width: 400px) 100vw, 400px\" \/><\/p>\n<p>Global Burden of Diasease foi o assunto principal do painel coordenado por Dra. Mariana de Souza, que contou com apresenta\u00e7\u00f5es de Dr. Irapuan Barros J\u00fanior, que falou sobre Preven\u00e7\u00e3o em Sa\u00fade do Trabalhador em N\u00edvel de APS e o Papel da Medicina do Trabalho, Dr. Jorge Carvalho, cujo tema apresentado foi Uso da IA na Gest\u00e3o em Sa\u00fade, e Dr. Fernando Mariya, que tratou do assunto PDCA dos Programas de Preven\u00e7\u00e3o e Promo\u00e7\u00e3o de Sa\u00fade.<\/p>\n<p>Dr. Leonel Calvano coordenou o painel sobre Gest\u00e3o em Sa\u00fade, que teve as apresenta\u00e7\u00f5es de Dr. Pietro Gomes, que falou sobre Impactos dos Cuidados em Aten\u00e7\u00e3o Prim\u00e1ria e Absente\u00edsmo, Dr. Jean Vieira, cujo assunto foi Data Health Analytics, e Dr. Ricardo Sebba, que abordou Longevidade e Doen\u00e7as Cr\u00f4nicas.<\/p>\n<p>\u00c0 tarde, foi realizado o painel Doen\u00e7as Relacionadas ao Trabalho I, sob coordena\u00e7\u00e3o de Dra. Tatiana Rigotti, com apresenta\u00e7\u00f5es de Dra. Suzana Tanni, sobre Long Covid-19, Dr. Jarbas Vieira, que falou sobre Aspectos Cl\u00ednicos e Diagn\u00f3sticos das Tendiopatias dos Membros Superiores, Dr. Marco T\u00falio de Mello, que tratou do assunto Fadiga e Acidentes durante a Jornada de Trabalho: Como Mitigar e Prevenir?, e Dr. Edison Machado, que falou sobre Aspectos Cl\u00ednicos e Epidemiol\u00f3gicos das Afec\u00e7\u00f5es da Coluna.<\/p>\n<p>Transtorno Mental e Trabalho foi o assunto tratado em outro painel, coordenado pela Dra. Val\u00e9ria Lobo. Panorama dos Benef\u00edcios por Incapacidade em Decorr\u00eancia de Transtornos Mentais foi o tema apresentado por Dr. Eduardo Costa S\u00e1, seguido por Dr. Estevam Vaz, que falou sobre Erros Diagn\u00f3sticos e Verdades sobre Burnout. Dr. Jo\u00e3o Silvestre da Silva Junior foi o palestrante seguinte, abordando o tema Instrumento da An\u00e1lise na Identifica\u00e7\u00e3o de Casos de Burnout entre Trabalhadores. Depend\u00eancia Qu\u00edmica: \u00c1lcool e Outras Drogas, foi outro tema apresentado, por Dra. Carla Bicca.<\/p>\n<p><img decoding=\"async\" class=\"aligncenter wp-image-48689 size-fusion-600\" src=\"https:\/\/www.anamt.org.br\/portal\/wp-content\/uploads\/2023\/11\/WhatsApp-Image-2023-11-23-at-16.05.37-600x469.jpeg\" alt=\"\" width=\"600\" height=\"469\" srcset=\"https:\/\/www.anamt.org.br\/portal\/wp-content\/uploads\/2023\/11\/WhatsApp-Image-2023-11-23-at-16.05.37-200x156.jpeg 200w, https:\/\/www.anamt.org.br\/portal\/wp-content\/uploads\/2023\/11\/WhatsApp-Image-2023-11-23-at-16.05.37-300x235.jpeg 300w, https:\/\/www.anamt.org.br\/portal\/wp-content\/uploads\/2023\/11\/WhatsApp-Image-2023-11-23-at-16.05.37-400x313.jpeg 400w, https:\/\/www.anamt.org.br\/portal\/wp-content\/uploads\/2023\/11\/WhatsApp-Image-2023-11-23-at-16.05.37-600x469.jpeg 600w, https:\/\/www.anamt.org.br\/portal\/wp-content\/uploads\/2023\/11\/WhatsApp-Image-2023-11-23-at-16.05.37-768x601.jpeg 768w, https:\/\/www.anamt.org.br\/portal\/wp-content\/uploads\/2023\/11\/WhatsApp-Image-2023-11-23-at-16.05.37-800x626.jpeg 800w, https:\/\/www.anamt.org.br\/portal\/wp-content\/uploads\/2023\/11\/WhatsApp-Image-2023-11-23-at-16.05.37.jpeg 1024w\" sizes=\"(max-width: 600px) 100vw, 600px\" \/><\/p>\n<p>O \u00faltimo painel do dia tratou do tema Inclus\u00e3o, Acessibilidade e Viol\u00eancia no Trabalho, cuja coordena\u00e7\u00e3o foi de Dr. Joyce Ferro. Avalia\u00e7\u00e3o da Defici\u00eancia F\u00edsica: Crit\u00e9rios Cl\u00ednicos de Enquadramento Legal, foi o assunto tratado por Dr. Paulo Henrique Mulazzani. Avalia\u00e7\u00e3o Biopsicossocial da Pessoa com Defici\u00eancia e Seus Instrumentos de Avalia\u00e7\u00e3o, Para Fins de Cumprimento de Cotas em Concursos P\u00fablicos foi o tema da apresenta\u00e7\u00e3o de Dra. Emilyanna Gon\u00e7alves. Dra. Laura Freire falou sobre Viol\u00eancia no Trabalho: Bullying, Ass\u00e9dio Moral e Sexual. Preven\u00e7\u00e3o e Conduta. Dr. S\u00e9rgio Roberto de Lucca, por sua vez, falou sobre Riscos Psicossociais e Ass\u00e9dio Moral: Medidas de Preven\u00e7\u00e3o.<\/p>\n<p>No Congresso, ainda ocorreu o simp\u00f3sio sat\u00e9lite sobre Redu\u00e7\u00e3o de Custos com Sa\u00fade Ocupacional: Conhe\u00e7a 5 estrat\u00e9gias, apresentado por Silvio Gomes, executivo de Contas da SOC. Tamb\u00e9m ocorreu a confer\u00eancia sobre Estilo de Vida na Preven\u00e7\u00e3o do Adoecimento no Trabalho, realizada por Dr. Jos\u00e9 Ignacio Campos, do Chile.<\/p>\n","protected":false},"excerpt":{"rendered":"<p>O primeiro dia do 20\u00ba Congresso Nacional ANAMT teve in\u00edcio com a confer\u00eancia magna sobre O Progresso da Preven\u00e7\u00e3o em Sa\u00fade Ocupacional, realizada pelo presidente da ANAMT, Dr. Francisco Cortes Fernandes, e presidida por Dr. Ruddy Facci, assessor da presid\u00eancia da Associa\u00e7\u00e3o com participa\u00e7\u00e3o de consultor do Presidente. Em seguida, foram realizados os pain\u00e9is A [&hellip;]<\/p>\n","protected":false},"author":5,"featured_media":47996,"comment_status":"closed","ping_status":"closed","sticky":false,"template":"","format":"standard","meta":{"footnotes":""},"categories":[77,8],"tags":[],"_links":{"self":[{"href":"https:\/\/www.anamt.org.br\/portal\/wp-json\/wp\/v2\/posts\/48673"}],"collection":[{"href":"https:\/\/www.anamt.org.br\/portal\/wp-json\/wp\/v2\/posts"}],"about":[{"href":"https:\/\/www.anamt.org.br\/portal\/wp-json\/wp\/v2\/types\/post"}],"author":[{"embeddable":true,"href":"https:\/\/www.anamt.org.br\/portal\/wp-json\/wp\/v2\/users\/5"}],"replies":[{"embeddable":true,"href":"https:\/\/www.anamt.org.br\/portal\/wp-json\/wp\/v2\/comments?post=48673"}],"version-history":[{"count":2,"href":"https:\/\/www.anamt.org.br\/portal\/wp-json\/wp\/v2\/posts\/48673\/revisions"}],"predecessor-version":[{"id":48691,"href":"https:\/\/www.anamt.org.br\/portal\/wp-json\/wp\/v2\/posts\/48673\/revisions\/48691"}],"wp:featuredmedia":[{"embeddable":true,"href":"https:\/\/www.anamt.org.br\/portal\/wp-json\/wp\/v2\/media\/47996"}],"wp:attachment":[{"href":"https:\/\/www.anamt.org.br\/portal\/wp-json\/wp\/v2\/media?parent=48673"}],"wp:term":[{"taxonomy":"category","embeddable":true,"href":"https:\/\/www.anamt.org.br\/portal\/wp-json\/wp\/v2\/categories?post=48673"},{"taxonomy":"post_tag","embeddable":true,"href":"https:\/\/www.anamt.org.br\/portal\/wp-json\/wp\/v2\/tags?post=48673"}],"curies":[{"name":"wp","href":"https:\/\/api.w.org\/{rel}","templated":true}]}}