{"id":48666,"date":"2023-11-21T18:58:33","date_gmt":"2023-11-21T21:58:33","guid":{"rendered":"https:\/\/www.anamt.org.br\/portal\/?p=48666"},"modified":"2023-11-21T18:58:33","modified_gmt":"2023-11-21T21:58:33","slug":"segundo-dia-de-esquenta-aborda-saude-dos-servidores-publicos-formacao-dos-medicos-do-trabalho-entre-outros-temas","status":"publish","type":"post","link":"https:\/\/www.anamt.org.br\/portal\/2023\/11\/21\/segundo-dia-de-esquenta-aborda-saude-dos-servidores-publicos-formacao-dos-medicos-do-trabalho-entre-outros-temas\/","title":{"rendered":"Segundo dia de Esquenta aborda sa\u00fade dos servidores p\u00fablicos, forma\u00e7\u00e3o dos m\u00e9dicos do trabalho, entre outros temas"},"content":{"rendered":"<p>No dia 21 de novembro, a ANAMT deu continuidade \u00e0 programa\u00e7\u00e3o do Esquenta, com a realiza\u00e7\u00e3o do III Encontro dos Coordenadores das C\u00e2maras T\u00e9cnicas de Medicina do Trabalho dos Conselhos Regionais de Medicina, sob coordena\u00e7\u00e3o da Dra. Simone Assalie, diretora de \u00c9tica e Defesa Profissional da Associa\u00e7\u00e3o.<\/p>\n<p>Ao longo do dia, tamb\u00e9m foram realizados o workshop Pol\u00edticas de Aten\u00e7\u00e3o \u00e0 Sa\u00fade do Servidor P\u00fablico e os F\u00f3runs sobre Forma\u00e7\u00e3o em Medicina do Trabalho e sobre Pol\u00edticas P\u00fablicas em Defesa e Prerrogativas do M\u00e9dico do Trabalho.<\/p>\n<p>O workshop, coordenado pela Dra. Fab\u00edola de Souza, teve in\u00edcio com a participa\u00e7\u00e3o de Dr. Pascoal da Costa Neto, que abordou o tema SST em \u00d3rg\u00e3os P\u00fablicos &#8211; Aspectos T\u00e9cnicos e Pr\u00e1ticos com Foco no eSocial e GRO. Ele pontuou aspectos como do que adoecem os servidores p\u00fablicos, exames peri\u00f3dicos que devem ser realizados, eventuais exposi\u00e7\u00f5es ocupacionais desses trabalhadores e medidas que podem ser adotadas pelos m\u00e9dicos do trabalho, como seguir a legisla\u00e7\u00e3o vigente, prestar informa\u00e7\u00e3o de consist\u00eancia e qualidade, ter protocolos e equipe integrada.<\/p>\n<p><img decoding=\"async\" class=\"aligncenter wp-image-48667 size-fusion-400\" src=\"https:\/\/www.anamt.org.br\/portal\/wp-content\/uploads\/2023\/11\/WhatsApp-Image-2023-11-21-at-10.50.54-400x533.jpeg\" alt=\"\" width=\"400\" height=\"533\" srcset=\"https:\/\/www.anamt.org.br\/portal\/wp-content\/uploads\/2023\/11\/WhatsApp-Image-2023-11-21-at-10.50.54-200x267.jpeg 200w, https:\/\/www.anamt.org.br\/portal\/wp-content\/uploads\/2023\/11\/WhatsApp-Image-2023-11-21-at-10.50.54-225x300.jpeg 225w, https:\/\/www.anamt.org.br\/portal\/wp-content\/uploads\/2023\/11\/WhatsApp-Image-2023-11-21-at-10.50.54-400x533.jpeg 400w, https:\/\/www.anamt.org.br\/portal\/wp-content\/uploads\/2023\/11\/WhatsApp-Image-2023-11-21-at-10.50.54-600x800.jpeg 600w, https:\/\/www.anamt.org.br\/portal\/wp-content\/uploads\/2023\/11\/WhatsApp-Image-2023-11-21-at-10.50.54.jpeg 768w\" sizes=\"(max-width: 400px) 100vw, 400px\" \/><br \/>\nSobre a implementa\u00e7\u00e3o do eSocial, ele destacou os eventos de SST relacionados aos \u00f3rg\u00e3os p\u00fablicos, as mudan\u00e7as que a ferramenta trar\u00e1 no tratamento das informa\u00e7\u00f5es, fiscaliza\u00e7\u00f5es trabalhistas e outras ferramentas da \u00e1rea, como a inclus\u00e3o do PPP no Meu INSS.<\/p>\n<p>Dra. Luiza Barreiros, Subsecret\u00e1ria de Seguran\u00e7a e Sa\u00fade no Trabalho do Distrito Federal, falou sobre A Import\u00e2ncia da Gest\u00e3o de SST na Preven\u00e7\u00e3o de Adoecimento e Promo\u00e7\u00e3o da Sa\u00fade do Servidor P\u00fablico, destacando a experi\u00eancia do governo do Distrito Federal na \u00e1rea, que abrange mais de 183 mil servidores, atendidos por 279 profissionais, entre eles, 55 m\u00e9dicos do trabalho.<\/p>\n<p>Ela abordou tamb\u00e9m a fundamenta\u00e7\u00e3o legal da sa\u00fade ocupacional do \u00f3rg\u00e3o, al\u00e9m das principais \u00e1reas de atua\u00e7\u00e3o como coordena\u00e7\u00e3o de per\u00edcias m\u00e9dicas e suas atribui\u00e7\u00f5es, al\u00e9m das etapas dos processos realizados para cada caso. Ger\u00eancia de Readapta\u00e7\u00e3o Funcional, Coordena\u00e7\u00e3o de Promo\u00e7\u00e3o \u00e0 Sa\u00fade e Seguran\u00e7a do Trabalho, Ger\u00eancia de Promo\u00e7\u00e3o \u00e0 Sa\u00fade do Servidor, Ger\u00eancia de Sa\u00fade Mental e Preventiva, Ger\u00eancia de Seguran\u00e7a do Trabalho, Diretoria de Epidemiologia em Sa\u00fade do Servidor foram as \u00e1reas citadas.<\/p>\n<p>Em seguida, Dr. Ricardo Corsatto falou sobre a Implementa\u00e7\u00e3o de Adequa\u00e7\u00f5es nos Processos Periciais do Governo do Distrito Federal. Ele apresentou indicadores do \u00f3rg\u00e3o, como custo do absente\u00edsmo doen\u00e7a, o processo de readequa\u00e7\u00e3o das per\u00edcias presenciais ap\u00f3s o fim da pandemia de Covid-19, al\u00e9m de pr\u00f3ximas etapas, de m\u00e9dio e curto prazo, a serem implementadas.<\/p>\n<p><img decoding=\"async\" class=\"aligncenter wp-image-48668 size-fusion-400\" src=\"https:\/\/www.anamt.org.br\/portal\/wp-content\/uploads\/2023\/11\/WhatsApp-Image-2023-11-21-at-11.26.43-400x533.jpeg\" alt=\"\" width=\"400\" height=\"533\" srcset=\"https:\/\/www.anamt.org.br\/portal\/wp-content\/uploads\/2023\/11\/WhatsApp-Image-2023-11-21-at-11.26.43-200x267.jpeg 200w, https:\/\/www.anamt.org.br\/portal\/wp-content\/uploads\/2023\/11\/WhatsApp-Image-2023-11-21-at-11.26.43-225x300.jpeg 225w, https:\/\/www.anamt.org.br\/portal\/wp-content\/uploads\/2023\/11\/WhatsApp-Image-2023-11-21-at-11.26.43-400x533.jpeg 400w, https:\/\/www.anamt.org.br\/portal\/wp-content\/uploads\/2023\/11\/WhatsApp-Image-2023-11-21-at-11.26.43-600x800.jpeg 600w, https:\/\/www.anamt.org.br\/portal\/wp-content\/uploads\/2023\/11\/WhatsApp-Image-2023-11-21-at-11.26.43.jpeg 768w\" sizes=\"(max-width: 400px) 100vw, 400px\" \/><\/p>\n<p>Dr. Douglas do Amaral falou sobre Aposentadoria Especial, explicando as diferen\u00e7as dos regimes pr\u00f3prios de previd\u00eancias dos entes federativos do Regime Geral da Previd\u00eancia Social, assim como os conceitos, requisitos e tipos de aposentadoria especial relevantes para os funcion\u00e1rios p\u00fablicos. Ele pontuou que o tema tamb\u00e9m \u00e9 de interesse da sociedade, j\u00e1 que h\u00e1 atividades que, se exercidas por tempo excessivo, podem colocar em risco o interesse da coletividade e a atividade fim.<\/p>\n<p>Dra. Fab\u00edola destacou a import\u00e2ncia da valoriza\u00e7\u00e3o dos m\u00e9dicos do trabalho dentro dessas entidades e da promo\u00e7\u00e3o da sa\u00fade como forma de, posteriormente, reduzir custos previdenci\u00e1rios. Os participantes do workshop realizaram atividades em grupo para debater os temas tratados ao longo do dia.<\/p>\n<p><img decoding=\"async\" class=\"aligncenter wp-image-48670 size-fusion-600\" src=\"https:\/\/www.anamt.org.br\/portal\/wp-content\/uploads\/2023\/11\/WhatsApp-Image-2023-11-21-at-14.09.09-600x800.jpeg\" alt=\"\" width=\"600\" height=\"800\" srcset=\"https:\/\/www.anamt.org.br\/portal\/wp-content\/uploads\/2023\/11\/WhatsApp-Image-2023-11-21-at-14.09.09-200x267.jpeg 200w, https:\/\/www.anamt.org.br\/portal\/wp-content\/uploads\/2023\/11\/WhatsApp-Image-2023-11-21-at-14.09.09-225x300.jpeg 225w, https:\/\/www.anamt.org.br\/portal\/wp-content\/uploads\/2023\/11\/WhatsApp-Image-2023-11-21-at-14.09.09-400x533.jpeg 400w, https:\/\/www.anamt.org.br\/portal\/wp-content\/uploads\/2023\/11\/WhatsApp-Image-2023-11-21-at-14.09.09-600x800.jpeg 600w, https:\/\/www.anamt.org.br\/portal\/wp-content\/uploads\/2023\/11\/WhatsApp-Image-2023-11-21-at-14.09.09-768x1024.jpeg 768w, https:\/\/www.anamt.org.br\/portal\/wp-content\/uploads\/2023\/11\/WhatsApp-Image-2023-11-21-at-14.09.09-800x1067.jpeg 800w, https:\/\/www.anamt.org.br\/portal\/wp-content\/uploads\/2023\/11\/WhatsApp-Image-2023-11-21-at-14.09.09-1152x1536.jpeg 1152w, https:\/\/www.anamt.org.br\/portal\/wp-content\/uploads\/2023\/11\/WhatsApp-Image-2023-11-21-at-14.09.09.jpeg 1200w\" sizes=\"(max-width: 600px) 100vw, 600px\" \/><\/p>\n<p>Forma\u00e7\u00e3o em Medicina do Trabalho<\/p>\n<p>Na ocasi\u00e3o, tamb\u00e9m ocorreu o F\u00f3rum: Forma\u00e7\u00e3o em Medicina do Trabalho, coordenado por Dr. Jo\u00e3o Anast\u00e1cio Dias. O presidente da ANAMT, Dr. Francisco Cortes Fernandes, destacou a import\u00e2ncia da forma\u00e7\u00e3o de excel\u00eancia, coerente, eficaz e \u00e9tica dos m\u00e9dicos para a avalia\u00e7\u00e3o adequada dos trabalhadores, assim como pontuou que a Medicina do Trabalho \u00e9 a sexta especialidade m\u00e9dica do Brasil.<\/p>\n<p>Ensino M\u00e9dico \u2013 A Medicina Baseada em Evid\u00eancias na Forma\u00e7\u00e3o em Medicina do Trabalho foi o tema tratado pelo Dr. Wanderley Bernardo, professor da Faculdade de Medicina da USP. Ele explicou que, por conta da internet, a agilidade de compartilhamento das informa\u00e7\u00f5es dissemina o conhecimento, assim como aumenta os trabalhos cient\u00edficos publicados, por\u00e9m, a maioria n\u00e3o produz impacto na vida dos pacientes ou s\u00e3o relevantes. Ele falou sobre os conceitos de conhecimento t\u00e1cito e efeito placebo, assim como situa\u00e7\u00f5es de desconhecimento e procedimentos n\u00e3o testados, al\u00e9m da import\u00e2ncia de princ\u00edpios cient\u00edficos como compara\u00e7\u00e3o e controle, dano e efic\u00e1cia, causalidade e temporalidade, entre outros.<\/p>\n<p>O ambiente ocupacional, segundo ele, traz o contato com v\u00e1rias pessoas distintas, o que demanda o conhecimento de pr\u00e1ticas com evid\u00eancias. Nesse contexto, ele ressaltou ainda a import\u00e2ncia da autonomia do m\u00e9dico.<\/p>\n<p>Ensino da Medicina do Trabalho na Gradua\u00e7\u00e3o: a Experi\u00eancia da Unoeste, apresentado pelo m\u00e9dico do trabalho Dr. Carlos Eduardo Bezerra. Docente da institui\u00e7\u00e3o, ele apresentou o hist\u00f3rico da Universidade e o formato do curso de Medicina do Trabalho, com programa\u00e7\u00e3o pr\u00e1tica, te\u00f3rica e est\u00e1gio, al\u00e9m da infraestrutura dispon\u00edvel.<br \/>\nEnsino da Medicina do Trabalho na P\u00f3s-Gradua\u00e7\u00e3o: a Experi\u00eancia da USP, foi o assunto apresentado por Dr. Eduardo S\u00e1. Ele destacou os objetivos do curso, caracter\u00edsticas pedag\u00f3gicas, discuss\u00f5es t\u00e9cnico-cient\u00edficas, pr\u00e1ticas supervisionadas, avalia\u00e7\u00f5es, documenta\u00e7\u00e3o comprobat\u00f3ria e contrato pedag\u00f3gico do curso.<\/p>\n<p>O tema A Resid\u00eancia M\u00e9dica de Medicina do Trabalho: A Experi\u00eancia da UNICAMP, foi apresentado por Dr. S\u00e9rgio de Lucca, docente da Universidade. Ele contextualizou a cria\u00e7\u00e3o da resid\u00eancia, com dois anos de dura\u00e7\u00e3o, assim como o conte\u00fado abrangido e \u00e1reas de atua\u00e7\u00e3o dos profissionais formados.<\/p>\n<p>A Resid\u00eancia M\u00e9dica de Medicina do Trabalho \u2013 Cen\u00e1rio Atual e Perspectivas, tratado por Dra. Marilurdes Barros, diretora de T\u00edtulo de Especialista da ANAMT. Sobre o exame, ela pontuou que os candidatos realizam a prova cada vez mais jovens, assim como os m\u00e9dicos t\u00eam dificuldade de reunir documentos probat\u00f3rios do trabalho na especialidade. Ela tamb\u00e9m abordou a legisla\u00e7\u00e3o sobre a titula\u00e7\u00e3o de especialista em Medicina do Trabalho.<\/p>\n<p>Politicas P\u00fablicas em Defesa e Prerrogativas do M\u00e9dico do Trabalho<\/p>\n<p>Na data, tamb\u00e9m ocorreu o F\u00f3rum de Politicas P\u00fablicas em Defesa e Prerrogativas do M\u00e9dico do Trabalho, coordenado pela diretora cient\u00edfica da ANAMT, Dra. Rosylane Rocha. Ela lembrou que a ANAMT tem uma comiss\u00e3o sobre o assunto, assim como destacou a atua\u00e7\u00e3o do departamento jur\u00eddico da Associa\u00e7\u00e3o na impugna\u00e7\u00e3o de editais de concursos p\u00fablicos e empresas com irregularidades.<\/p>\n<p>Em seguida, Dr. Pascoal Gomes, Dr. Carlos Magno, Dr. Leonardo Cabral, presidente da Associa\u00e7\u00e3o Cearense de Medicina do Trabalho (ACEMT) e diretor adjunto administrativo da ANAMT e Dra. Simone Assalie integraram a mesa de debate do evento, que tamb\u00e9m teve a participa\u00e7\u00e3o de outros m\u00e9dicos do trabalho.<\/p>\n<p>\u201cO norte dessa gest\u00e3o da ANAMT sempre foi valorizar o m\u00e9dico do trabalho. Ela mostra a import\u00e2ncia do m\u00e9dico do trabalho como gestor e que estamos unidos\u201d, destacou Dr. Pascoal, acrescentando a parceria da ANAMT com outras entidades m\u00e9dicas e \u00f3rg\u00e3os p\u00fablicos.<\/p>\n<p>Dr. Carlos Magno destacou a evolu\u00e7\u00e3o da Associa\u00e7\u00e3o nos \u00faltimos anos e o comparecimento dos m\u00e9dicos nos eventos cient\u00edficos. Ele destacou a cartilha elaborada pela C\u00e2mara T\u00e9cnica de Medicina do Trabalho do CFM, que aborda o cotidiano do M\u00e9dico do Trabalho, e ser\u00e1 disponibilizada online.<\/p>\n<p>Os participantes destacaram a import\u00e2ncia de realizar o trabalho de forma assistencial e individualizada, assim como o aumento de den\u00fancias de m\u00e9dico sem RQE, consequ\u00eancia do aumento da conscientiza\u00e7\u00e3o da popula\u00e7\u00e3o sobre o papel da especialidade, a responsabiliza\u00e7\u00e3o que os m\u00e9dicos podem ter, inclusive criminal, perspectivas com a implementa\u00e7\u00e3o do eSocial, entre outros assuntos.<\/p>\n<p><img decoding=\"async\" class=\"aligncenter wp-image-48669 size-fusion-600\" src=\"https:\/\/www.anamt.org.br\/portal\/wp-content\/uploads\/2023\/11\/WhatsApp-Image-2023-11-21-at-14.10.26-600x338.jpeg\" alt=\"\" width=\"600\" height=\"338\" srcset=\"https:\/\/www.anamt.org.br\/portal\/wp-content\/uploads\/2023\/11\/WhatsApp-Image-2023-11-21-at-14.10.26-200x113.jpeg 200w, https:\/\/www.anamt.org.br\/portal\/wp-content\/uploads\/2023\/11\/WhatsApp-Image-2023-11-21-at-14.10.26-300x169.jpeg 300w, https:\/\/www.anamt.org.br\/portal\/wp-content\/uploads\/2023\/11\/WhatsApp-Image-2023-11-21-at-14.10.26-400x225.jpeg 400w, https:\/\/www.anamt.org.br\/portal\/wp-content\/uploads\/2023\/11\/WhatsApp-Image-2023-11-21-at-14.10.26-600x338.jpeg 600w, https:\/\/www.anamt.org.br\/portal\/wp-content\/uploads\/2023\/11\/WhatsApp-Image-2023-11-21-at-14.10.26-768x432.jpeg 768w, https:\/\/www.anamt.org.br\/portal\/wp-content\/uploads\/2023\/11\/WhatsApp-Image-2023-11-21-at-14.10.26-800x451.jpeg 800w, https:\/\/www.anamt.org.br\/portal\/wp-content\/uploads\/2023\/11\/WhatsApp-Image-2023-11-21-at-14.10.26-1024x577.jpeg 1024w, https:\/\/www.anamt.org.br\/portal\/wp-content\/uploads\/2023\/11\/WhatsApp-Image-2023-11-21-at-14.10.26.jpeg 1156w\" sizes=\"(max-width: 600px) 100vw, 600px\" \/><\/p>\n<p><img decoding=\"async\" class=\"aligncenter wp-image-48671 size-fusion-600\" src=\"https:\/\/www.anamt.org.br\/portal\/wp-content\/uploads\/2023\/11\/WhatsApp-Image-2023-11-21-at-18.39.02-600x450.jpeg\" alt=\"\" width=\"600\" height=\"450\" srcset=\"https:\/\/www.anamt.org.br\/portal\/wp-content\/uploads\/2023\/11\/WhatsApp-Image-2023-11-21-at-18.39.02-200x150.jpeg 200w, https:\/\/www.anamt.org.br\/portal\/wp-content\/uploads\/2023\/11\/WhatsApp-Image-2023-11-21-at-18.39.02-300x225.jpeg 300w, https:\/\/www.anamt.org.br\/portal\/wp-content\/uploads\/2023\/11\/WhatsApp-Image-2023-11-21-at-18.39.02-400x300.jpeg 400w, https:\/\/www.anamt.org.br\/portal\/wp-content\/uploads\/2023\/11\/WhatsApp-Image-2023-11-21-at-18.39.02-600x450.jpeg 600w, https:\/\/www.anamt.org.br\/portal\/wp-content\/uploads\/2023\/11\/WhatsApp-Image-2023-11-21-at-18.39.02-768x576.jpeg 768w, https:\/\/www.anamt.org.br\/portal\/wp-content\/uploads\/2023\/11\/WhatsApp-Image-2023-11-21-at-18.39.02-800x600.jpeg 800w, https:\/\/www.anamt.org.br\/portal\/wp-content\/uploads\/2023\/11\/WhatsApp-Image-2023-11-21-at-18.39.02-1024x768.jpeg 1024w, https:\/\/www.anamt.org.br\/portal\/wp-content\/uploads\/2023\/11\/WhatsApp-Image-2023-11-21-at-18.39.02-1200x900.jpeg 1200w, https:\/\/www.anamt.org.br\/portal\/wp-content\/uploads\/2023\/11\/WhatsApp-Image-2023-11-21-at-18.39.02.jpeg 1280w\" sizes=\"(max-width: 600px) 100vw, 600px\" \/><\/p>\n<p style=\"text-align: center;\"><em>III Encontro dos Coordenadores das C\u00e2maras T\u00e9cnicas de Medicina do Trabalho dos Conselhos Regionais de Medicina<\/em><\/p>\n<p>As transmiss\u00f5es ao vivo das palestras est\u00e3o dispon\u00edveis no canal da ANAMT no YouTube:<\/p>\n<div class=\"video-shortcode\"><iframe title=\"F\u00d3RUM DE POL\u00cdTICAS P\u00daBLICAS EM DEFESA E PRERROGATIVAS DO MT\" width=\"1333\" height=\"1000\" src=\"https:\/\/www.youtube.com\/embed\/PZtc_S2GfsU?feature=oembed\" frameborder=\"0\" allow=\"accelerometer; autoplay; clipboard-write; encrypted-media; gyroscope; picture-in-picture; web-share\" allowfullscreen><\/iframe><\/div>\n<div class=\"video-shortcode\"><iframe title=\"F\u00d3RUM: FORMA\u00c7\u00c3O EM MEDICINA DO TRABALHO\" width=\"1333\" height=\"1000\" src=\"https:\/\/www.youtube.com\/embed\/JV6nwzf7gKI?feature=oembed\" frameborder=\"0\" allow=\"accelerometer; autoplay; clipboard-write; encrypted-media; gyroscope; picture-in-picture; web-share\" allowfullscreen><\/iframe><\/div>\n<div class=\"video-shortcode\"><iframe title=\"WORKSHOP POL\u00cdTICAS DE ATEN\u00c7\u00c3O \u00c0 SA\u00daDE DO SERVIDOR P\u00daBLICO\" width=\"1333\" height=\"1000\" src=\"https:\/\/www.youtube.com\/embed\/iUB-EZvmiXM?feature=oembed\" frameborder=\"0\" allow=\"accelerometer; autoplay; clipboard-write; encrypted-media; gyroscope; picture-in-picture; web-share\" allowfullscreen><\/iframe><\/div>\n<p>&nbsp;<\/p>\n","protected":false},"excerpt":{"rendered":"<p>No dia 21 de novembro, a ANAMT deu continuidade \u00e0 programa\u00e7\u00e3o do Esquenta, com a realiza\u00e7\u00e3o do III Encontro dos Coordenadores das C\u00e2maras T\u00e9cnicas de Medicina do Trabalho dos Conselhos Regionais de Medicina, sob coordena\u00e7\u00e3o da Dra. Simone Assalie, diretora de \u00c9tica e Defesa Profissional da Associa\u00e7\u00e3o. Ao longo do dia, tamb\u00e9m foram realizados o [&hellip;]<\/p>\n","protected":false},"author":5,"featured_media":47996,"comment_status":"closed","ping_status":"closed","sticky":false,"template":"","format":"standard","meta":{"footnotes":""},"categories":[77,8],"tags":[],"_links":{"self":[{"href":"https:\/\/www.anamt.org.br\/portal\/wp-json\/wp\/v2\/posts\/48666"}],"collection":[{"href":"https:\/\/www.anamt.org.br\/portal\/wp-json\/wp\/v2\/posts"}],"about":[{"href":"https:\/\/www.anamt.org.br\/portal\/wp-json\/wp\/v2\/types\/post"}],"author":[{"embeddable":true,"href":"https:\/\/www.anamt.org.br\/portal\/wp-json\/wp\/v2\/users\/5"}],"replies":[{"embeddable":true,"href":"https:\/\/www.anamt.org.br\/portal\/wp-json\/wp\/v2\/comments?post=48666"}],"version-history":[{"count":1,"href":"https:\/\/www.anamt.org.br\/portal\/wp-json\/wp\/v2\/posts\/48666\/revisions"}],"predecessor-version":[{"id":48672,"href":"https:\/\/www.anamt.org.br\/portal\/wp-json\/wp\/v2\/posts\/48666\/revisions\/48672"}],"wp:featuredmedia":[{"embeddable":true,"href":"https:\/\/www.anamt.org.br\/portal\/wp-json\/wp\/v2\/media\/47996"}],"wp:attachment":[{"href":"https:\/\/www.anamt.org.br\/portal\/wp-json\/wp\/v2\/media?parent=48666"}],"wp:term":[{"taxonomy":"category","embeddable":true,"href":"https:\/\/www.anamt.org.br\/portal\/wp-json\/wp\/v2\/categories?post=48666"},{"taxonomy":"post_tag","embeddable":true,"href":"https:\/\/www.anamt.org.br\/portal\/wp-json\/wp\/v2\/tags?post=48666"}],"curies":[{"name":"wp","href":"https:\/\/api.w.org\/{rel}","templated":true}]}}