{"id":48558,"date":"2023-11-21T18:59:31","date_gmt":"2023-11-21T21:59:31","guid":{"rendered":"https:\/\/www.anamt.org.br\/portal\/?p=48558"},"modified":"2023-11-22T15:59:38","modified_gmt":"2023-11-22T18:59:38","slug":"programacao-pre-congresso-do-20o-congresso-nacional-anamt-oferece-cursos-e-oficinas-para-os-medicos-do-trabalho","status":"publish","type":"post","link":"https:\/\/www.anamt.org.br\/portal\/2023\/11\/21\/programacao-pre-congresso-do-20o-congresso-nacional-anamt-oferece-cursos-e-oficinas-para-os-medicos-do-trabalho\/","title":{"rendered":"Programa\u00e7\u00e3o Pr\u00e9-Congresso do 20\u00ba Congresso Nacional ANAMT oferece cursos e oficinas para os m\u00e9dicos do trabalho"},"content":{"rendered":"<p>Com o objetivo de aumentar o conhecimento de temas espec\u00edficos para a pr\u00e1tica dos m\u00e9dicos do trabalho, a ANAMT oferece uma programa\u00e7\u00e3o de cursos Pr\u00e9-Congresso no dia 22 de novembro, que ser\u00e1 realizado no Centro de Eventos da PUCRS, em Porto Alegre (RS). A jornada de palestras-aulas e oficinas termina antes da abertura oficial do 20\u00ba Congresso Nacional da ANAMT, que acontecer\u00e1 no audit\u00f3rio do Centro de Eventos, das 19h \u00e0s 22h.<\/p>\n<p>Os cursos e oficinas previstos est\u00e3o divididos em tr\u00eas turnos: manh\u00e3, tarde ou dia inteiro. Somente os inscritos em uma das categorias do Congresso poder\u00e3o matricular-se na programa\u00e7\u00e3o Pr\u00e9-Congresso. \u00c9 poss\u00edvel participar de dois cursos de 4 horas, um pela manh\u00e3 e outro \u00e0 tarde. E existe a op\u00e7\u00e3o de inscri\u00e7\u00e3o no curso de 8 horas, o dia inteiro. Ao todo, sete temas ser\u00e3o oferecidos na <a href=\"https:\/\/congresso2023.anamt.org.br\/?page_id=440\" target=\"_blank\" rel=\"noopener\"><strong>programa\u00e7\u00e3o<\/strong><\/a>.<\/p>\n<blockquote class=\"instagram-media\" style=\"background: #FFF; border: 0; border-radius: 3px; box-shadow: 0 0 1px 0 rgba(0,0,0,0.5),0 1px 10px 0 rgba(0,0,0,0.15); margin: 1px; max-width: 540px; min-width: 326px; padding: 0; width: calc(100% - 2px);\" data-instgrm-permalink=\"https:\/\/www.instagram.com\/reel\/Cz8sO7YOtVB\/?utm_source=ig_embed&amp;utm_campaign=loading\" data-instgrm-version=\"14\">\n<div style=\"padding: 16px;\">\n<p>&nbsp;<\/p>\n<div style=\"display: flex; flex-direction: row; align-items: center;\">\n<div style=\"background-color: #f4f4f4; border-radius: 50%; flex-grow: 0; height: 40px; margin-right: 14px; width: 40px;\"><\/div>\n<div style=\"display: flex; flex-direction: column; flex-grow: 1; justify-content: center;\">\n<div style=\"background-color: #f4f4f4; border-radius: 4px; flex-grow: 0; height: 14px; margin-bottom: 6px; width: 100px;\"><\/div>\n<div style=\"background-color: #f4f4f4; border-radius: 4px; flex-grow: 0; height: 14px; width: 60px;\"><\/div>\n<\/div>\n<\/div>\n<div style=\"padding: 19% 0;\"><\/div>\n<div style=\"display: block; height: 50px; margin: 0 auto 12px; width: 50px;\"><\/div>\n<div style=\"padding-top: 8px;\">\n<div style=\"color: #3897f0; font-family: Arial,sans-serif; font-size: 14px; font-style: normal; font-weight: 550; line-height: 18px;\">Ver essa foto no Instagram<\/div>\n<\/div>\n<div style=\"padding: 12.5% 0;\"><\/div>\n<div style=\"display: flex; flex-direction: row; margin-bottom: 14px; align-items: center;\">\n<div>\n<div style=\"background-color: #f4f4f4; border-radius: 50%; height: 12.5px; width: 12.5px; transform: translateX(0px) translateY(7px);\"><\/div>\n<div style=\"background-color: #f4f4f4; height: 12.5px; transform: rotate(-45deg) translateX(3px) translateY(1px); width: 12.5px; flex-grow: 0; margin-right: 14px; margin-left: 2px;\"><\/div>\n<div style=\"background-color: #f4f4f4; border-radius: 50%; height: 12.5px; width: 12.5px; transform: translateX(9px) translateY(-18px);\"><\/div>\n<\/div>\n<div style=\"margin-left: 8px;\">\n<div style=\"background-color: #f4f4f4; border-radius: 50%; flex-grow: 0; height: 20px; width: 20px;\"><\/div>\n<div style=\"width: 0; height: 0; border-top: 2px solid transparent; border-left: 6px solid #f4f4f4; border-bottom: 2px solid transparent; transform: translateX(16px) translateY(-4px) rotate(30deg);\"><\/div>\n<\/div>\n<div style=\"margin-left: auto;\">\n<div style=\"width: 0px; border-top: 8px solid #F4F4F4; border-right: 8px solid transparent; transform: translateY(16px);\"><\/div>\n<div style=\"background-color: #f4f4f4; flex-grow: 0; height: 12px; width: 16px; transform: translateY(-4px);\"><\/div>\n<div style=\"width: 0; height: 0; border-top: 8px solid #F4F4F4; border-left: 8px solid transparent; transform: translateY(-4px) translateX(8px);\"><\/div>\n<\/div>\n<\/div>\n<div style=\"display: flex; flex-direction: column; flex-grow: 1; justify-content: center; margin-bottom: 24px;\">\n<div style=\"background-color: #f4f4f4; border-radius: 4px; flex-grow: 0; height: 14px; margin-bottom: 6px; width: 224px;\"><\/div>\n<div style=\"background-color: #f4f4f4; border-radius: 4px; flex-grow: 0; height: 14px; width: 144px;\"><\/div>\n<\/div>\n<p>&nbsp;<\/p>\n<p style=\"color: #c9c8cd; font-family: Arial,sans-serif; font-size: 14px; line-height: 17px; margin-bottom: 0; margin-top: 8px; overflow: hidden; padding: 8px 0 7px; text-align: center; text-overflow: ellipsis; white-space: nowrap;\"><a style=\"color: #c9c8cd; font-family: Arial,sans-serif; font-size: 14px; font-style: normal; font-weight: normal; line-height: 17px; text-decoration: none;\" href=\"https:\/\/www.instagram.com\/reel\/Cz8sO7YOtVB\/?utm_source=ig_embed&amp;utm_campaign=loading\" target=\"_blank\" rel=\"noopener\">Uma publica\u00e7\u00e3o compartilhada por ANAMT (@anamt_brasil)<\/a><\/p>\n<\/div>\n<\/blockquote>\n<p><script async src=\"\/\/www.instagram.com\/embed.js\"><\/script><\/p>\n<p>Manh\u00e3 (9h \u00e0s 13h):<br \/>\nSala 1: O exame psiqui\u00e1trico para m\u00e9dicos do trabalho &#8211; Palestrante: Dr. Luiz Gustavo Guilhermano<br \/>\nSala 2: Ferramentas de gest\u00e3o em sa\u00fade aplicadas em Medicina do Trabalho &#8211; Palestrantes: Dr. Leonel Calvano e Dr. Jean Alexandre Vieira\/<br \/>\nSala 3: Oficina: Urg\u00eancia e Emerg\u00eancia em Sa\u00fade do Trabalhador &#8211; Palestrantes Dra. Fabiane Tiskievicz e Prof\u00ba Roberto Tyska Bueno<\/p>\n<p>Tarde (14h \u00e0s 18h):<br \/>\nSala 1: Oficina: GRO\/NR7 &#8211; Palestrantes Dr. Gerson Ferreira Silva e<br \/>\nDr. Carlos Eduardo Domingues<br \/>\nSala 2: Estabelecimento do nexo causal nas doen\u00e7as de origem ergon\u00f4mica &#8211; Palestrante Dr. Lenz Alberto Cabral<br \/>\nSala 3: Curso de Capacita\u00e7\u00e3o para aplica\u00e7\u00e3o de Question\u00e1rio Latino para Dist\u00farbio Osteomuscular &#8211; Palestrante Dr. Ruddy Facci<\/p>\n<p>Dia inteiro (9h \u00e0s 18h):<br \/>\nSala 4: Gest\u00e3o de Risco Relacionado \u00e0s Condi\u00e7\u00f5es de Ergonomia: As 4 Etapas de um Processo Fundamental para as Organiza\u00e7\u00f5es &#8211; Palestrante Dr. Hudson Couto<\/p>\n","protected":false},"excerpt":{"rendered":"<p>Com o objetivo de aumentar o conhecimento de temas espec\u00edficos para a pr\u00e1tica dos m\u00e9dicos do trabalho, a ANAMT oferece uma programa\u00e7\u00e3o de cursos Pr\u00e9-Congresso no dia 22 de novembro, que ser\u00e1 realizado no Centro de Eventos da PUCRS, em Porto Alegre (RS). A jornada de palestras-aulas e oficinas termina antes da abertura oficial do [&hellip;]<\/p>\n","protected":false},"author":5,"featured_media":47996,"comment_status":"closed","ping_status":"closed","sticky":false,"template":"","format":"standard","meta":{"footnotes":""},"categories":[77,8],"tags":[],"_links":{"self":[{"href":"https:\/\/www.anamt.org.br\/portal\/wp-json\/wp\/v2\/posts\/48558"}],"collection":[{"href":"https:\/\/www.anamt.org.br\/portal\/wp-json\/wp\/v2\/posts"}],"about":[{"href":"https:\/\/www.anamt.org.br\/portal\/wp-json\/wp\/v2\/types\/post"}],"author":[{"embeddable":true,"href":"https:\/\/www.anamt.org.br\/portal\/wp-json\/wp\/v2\/users\/5"}],"replies":[{"embeddable":true,"href":"https:\/\/www.anamt.org.br\/portal\/wp-json\/wp\/v2\/comments?post=48558"}],"version-history":[{"count":3,"href":"https:\/\/www.anamt.org.br\/portal\/wp-json\/wp\/v2\/posts\/48558\/revisions"}],"predecessor-version":[{"id":48683,"href":"https:\/\/www.anamt.org.br\/portal\/wp-json\/wp\/v2\/posts\/48558\/revisions\/48683"}],"wp:featuredmedia":[{"embeddable":true,"href":"https:\/\/www.anamt.org.br\/portal\/wp-json\/wp\/v2\/media\/47996"}],"wp:attachment":[{"href":"https:\/\/www.anamt.org.br\/portal\/wp-json\/wp\/v2\/media?parent=48558"}],"wp:term":[{"taxonomy":"category","embeddable":true,"href":"https:\/\/www.anamt.org.br\/portal\/wp-json\/wp\/v2\/categories?post=48558"},{"taxonomy":"post_tag","embeddable":true,"href":"https:\/\/www.anamt.org.br\/portal\/wp-json\/wp\/v2\/tags?post=48558"}],"curies":[{"name":"wp","href":"https:\/\/api.w.org\/{rel}","templated":true}]}}