{"id":48532,"date":"2023-11-14T12:25:59","date_gmt":"2023-11-14T15:25:59","guid":{"rendered":"https:\/\/www.anamt.org.br\/portal\/?p=48532"},"modified":"2023-11-20T10:50:39","modified_gmt":"2023-11-20T13:50:39","slug":"programacao-do-esquenta-movimenta-fase-pre-congresso-nacional-anamt","status":"publish","type":"post","link":"https:\/\/www.anamt.org.br\/portal\/2023\/11\/14\/programacao-do-esquenta-movimenta-fase-pre-congresso-nacional-anamt\/","title":{"rendered":"Programa\u00e7\u00e3o do \u2018Esquenta\u2019 movimenta fase pr\u00e9-Congresso Nacional ANAMT"},"content":{"rendered":"<p>Quem tem interesse em participar do \u2018Esquenta\u2019, programa\u00e7\u00e3o que antecede a abertura oficial do 20\u00ba Congresso Nacional ANAMT, em Porto Alegre (RS), deve se inscrever gratuitamente por meio do <strong><a href=\"https:\/\/congresso2023.anamt.org.br\/?page_id=514\" target=\"_blank\" rel=\"noopener\">site do Congresso<\/a><\/strong>. No formato h\u00edbrido, o conte\u00fado pode ser assistido mesmo por aqueles que n\u00e3o estiverem na capital ga\u00facha. Nos dias 20 e 21 de novembro, manh\u00e3 e tarde, ocorrer\u00e3o palestras sobre temas de relev\u00e2ncia para os m\u00e9dicos do trabalho e profissionais ligados \u00e0 \u00e1rea de seguran\u00e7a das empresas, na Associa\u00e7\u00e3o M\u00e9dica do Rio Grande do Sul (AMRIGS). Os links das transmiss\u00f5es podem ser acessados<a href=\"https:\/\/congresso2023.anamt.org.br\/?page_id=440\" target=\"_blank\" rel=\"noopener\"><strong> aqui<\/strong><\/a>.<\/p>\n<p>20\/11 &#8211; segunda-feira<\/p>\n<p>No primeiro dia do \u2018Esquenta\u2019, de manh\u00e3, acontece o \u2018F\u00f3rum do Programa Trabalho Seguro do TST\u2019, com quatro palestras e coordena\u00e7\u00e3o da Dra. Simone Assalie, diretora de \u00c9tica e Defesa Profissional da ANAMT. O outro assunto, tem como destaque o \u2018Semin\u00e1rio de Riscos Biol\u00f3gicos em Frigor\u00edfico\u2019, coordenado por Dr. Carlos Campos, com cinco palestras ligadas ao tema.<\/p>\n<p>O II Encontro de M\u00e9dicos do Trabalho, Engenheiros de Seguran\u00e7a e Auditores Fiscais do Trabalho, ocorre das 14h \u00e0s 17h, e contar\u00e1 com tr\u00eas temas para debate. A atividade ter\u00e1 coordena\u00e7\u00e3o da Dra. Simone Assalie e como debatedora, Dra. Ana Luiza Horcades.<\/p>\n<p>21\/11 &#8211; ter\u00e7a-feira<\/p>\n<p>No segundo dia, das 9h \u00e0s 13h, ocorrer\u00e1 o III Encontro dos Coordenadores das C\u00e2maras T\u00e9cnicas de MT dos CRM, sob coordena\u00e7\u00e3o da Dra. Simone Assalie.<\/p>\n<p>Outra programa\u00e7\u00e3o que inicia na parte da manh\u00e3, das 9h \u00e0s 17h, \u00e9 o Workshop Pol\u00edticas de Aten\u00e7\u00e3o \u00e0 Sa\u00fade do Servidor P\u00fablico, coordenado pela Dra. Fab\u00edola de Souza.<\/p>\n<p>\u00c0 tarde, est\u00e3o previstos dois f\u00f3runs no mesmo hor\u00e1rio, das 14h \u00e0s 17h. Um sobre Forma\u00e7\u00e3o em Medicina do Trabalho, coordenado pelo Dr. Jo\u00e3o Anast\u00e1cio Dias. O outro sobre Pol\u00edticas P\u00fablicas em Defesa e Prerrogativas do MT, finalizando o \u2018Esquenta\u2019.<br \/>\nConfira a programa\u00e7\u00e3o completa:<\/p>\n<p>20\/11 \u2013 Manh\u00e3 (9h \u00e0s 13h)<\/p>\n<p>&#8211; F\u00f3rum do Programa Trabalho Seguro do TST<br \/>\nConte\u00fado:<br \/>\n1- O Papel do M\u00e9dico do Trabalho na Preven\u00e7\u00e3o e Promo\u00e7\u00e3o de Sa\u00fade do Trabalhador<br \/>\nCirlene Luiza Zimmermann\/RS (Procuradora \/ MPT)<br \/>\n2- Combate \u00e0 Subnotifica\u00e7\u00e3o de Doen\u00e7as e Acidentes relacionados ao trabalho<br \/>\nPriscila Dibi Schvarscz\/RS (Procuradora do Trabalho (PRT &#8211; 4\u00aa Regi\u00e3o)<br \/>\n3- A atua\u00e7\u00e3o do m\u00e9dico do trabalho al\u00e9m das Normas Regulamentadoras do Trabalho<br \/>\nSimone Assalie<br \/>\n4- Nova NR 7 e registros no eSocial<br \/>\nPascoal Gomes da Costa Neto<\/p>\n<p>&#8211; Semin\u00e1rio de Riscos Biol\u00f3gicos em Frigor\u00edfico<br \/>\nConte\u00fado:<br \/>\n1- Estrutura\u00e7\u00e3o das NRs &#8211; Defini\u00e7\u00f5es e classifica\u00e7\u00e3o de riscos ocupacionais.<br \/>\nMoacir Jos\u00e9 Cerigueli<br \/>\n2- Da Granja \u00e0 mesa &#8211; O Controle integrado das agroind\u00fastrias de aves e su\u00ednos<br \/>\nSulivan Pereira Alves<br \/>\n3- Status sanit\u00e1rio do Brasil &#8211; Case de SC.<br \/>\nLuciane de C\u00e1ssia Surdi<br \/>\n4- Aspectos jur\u00eddicos dos agentes biol\u00f3gicos<br \/>\nAlexandre Perlatto Silva<br \/>\n5- A transdisciplinaridade na atua\u00e7\u00e3o da gest\u00e3o dos riscos biol\u00f3gicos em frigor\u00edficos.<br \/>\nJo\u00e3o Anast\u00e1cio Dias<\/p>\n<p>\u2013Tarde (14h \u00e0s 17h)<\/p>\n<p>&#8211; II Encontro de M\u00e9dicos do Trabalho, Engenheiros de Seguran\u00e7a e Auditores Fiscais do Trabalho<br \/>\nConte\u00fado:<br \/>\n1- Diretrizes da Fiscaliza\u00e7\u00e3o do Minist\u00e9rio do Trabalho para o ano de 2024<br \/>\nS\u00e9rgio Augusto Letizia Garcia &#8211; Representante Superintend\u00eancia Regional do Trabalho\/RS<br \/>\n2- Quest\u00f5es pr\u00e1ticas e pol\u00eamicas que envolvem a pr\u00e1tica da Medicina do Trabalho e sua rela\u00e7\u00e3o com os demais integrantes do SESMT<br \/>\nRosani Carvalho de Ara\u00fajo &#8211; Representante SESMT<br \/>\n3- A integra\u00e7\u00e3o da Engenharia de Seguran\u00e7a do Trabalho com a Medicina do Trabalho, por meio da Gest\u00e3o de Seguran\u00e7a e Sa\u00fade do Trabalho &#8211; Luiz Henrique Rebou\u00e7as dos Anjos \u2013 Representante ANEST<\/p>\n<p>21\/11<br \/>\nManh\u00e3 (9h \u00e0s 13h)<\/p>\n<p>Sala 1: II Encontro dos Coordenadores das C\u00e2maras T\u00e9cnicas de MT dos CRM<\/p>\n<p>Dia Inteiro (9h \u00e0s 17h)<\/p>\n<p>Sala 2: Workshop Pol\u00edticas de Aten\u00e7\u00e3o \u00e0 Sa\u00fade do Servidor P\u00fablico<br \/>\nConte\u00fado<br \/>\n1- Aposentadoria Especial<br \/>\nDouglas Ferreira do Amaral<br \/>\n2- Import\u00e2ncia da Gest\u00e3o de SST na Preven\u00e7\u00e3o de Adoecimento e Promo\u00e7\u00e3o de Sa\u00fade do Servidor P\u00fablico<br \/>\nLuiza Barreiros<\/p>\n<p>Tarde (14h \u00e0s 17h)<\/p>\n<p>Sala 1: F\u00f3rum sobre Forma\u00e7\u00e3o em Medicina do Trabalho<br \/>\nConte\u00fado:<br \/>\n1- Ensino M\u00e9dico &#8211; A Medicina Baseada em Evid\u00eancias na forma\u00e7\u00e3o em Medicina do Trabalho<br \/>\nWanderley Marques Bernardo<br \/>\n2- Ensino da Medicina do Trabalho na Gradua\u00e7\u00e3o: a experi\u00eancia da UNOESTE<br \/>\nCarlos Eduardo de Andrade Bezerra<br \/>\n3- Ensino da Medicina do Trabalho na P\u00f3s-gradua\u00e7\u00e3o: a experi\u00eancia da USP<br \/>\nEduardo Costa S\u00e1<br \/>\n4- A Resid\u00eancia M\u00e9dica de Medicina do Trabalho: a experi\u00eancia da UNICAMP<br \/>\nS\u00e9rgio Roberto de Lucca<br \/>\n5- O T\u00edtulo de Especialista em Medicina do Trabalho &#8211; cen\u00e1rio atual e perspectivas<br \/>\nMarilurdes Monteiro Barros<br \/>\nDebate<\/p>\n<p>Tarde (14h \u00e0s 17h)<\/p>\n<p>Sala 3: F\u00f3rum de Pol\u00edticas P\u00fablicas em Defesa e Prerrogativas do MT<\/p>\n","protected":false},"excerpt":{"rendered":"<p>Quem tem interesse em participar do \u2018Esquenta\u2019, programa\u00e7\u00e3o que antecede a abertura oficial do 20\u00ba Congresso Nacional ANAMT, em Porto Alegre (RS), deve se inscrever gratuitamente por meio do site do Congresso. No formato h\u00edbrido, o conte\u00fado pode ser assistido mesmo por aqueles que n\u00e3o estiverem na capital ga\u00facha. Nos dias 20 e 21 de [&hellip;]<\/p>\n","protected":false},"author":5,"featured_media":47996,"comment_status":"closed","ping_status":"closed","sticky":false,"template":"","format":"standard","meta":{"footnotes":""},"categories":[77,8],"tags":[],"_links":{"self":[{"href":"https:\/\/www.anamt.org.br\/portal\/wp-json\/wp\/v2\/posts\/48532"}],"collection":[{"href":"https:\/\/www.anamt.org.br\/portal\/wp-json\/wp\/v2\/posts"}],"about":[{"href":"https:\/\/www.anamt.org.br\/portal\/wp-json\/wp\/v2\/types\/post"}],"author":[{"embeddable":true,"href":"https:\/\/www.anamt.org.br\/portal\/wp-json\/wp\/v2\/users\/5"}],"replies":[{"embeddable":true,"href":"https:\/\/www.anamt.org.br\/portal\/wp-json\/wp\/v2\/comments?post=48532"}],"version-history":[{"count":2,"href":"https:\/\/www.anamt.org.br\/portal\/wp-json\/wp\/v2\/posts\/48532\/revisions"}],"predecessor-version":[{"id":48561,"href":"https:\/\/www.anamt.org.br\/portal\/wp-json\/wp\/v2\/posts\/48532\/revisions\/48561"}],"wp:featuredmedia":[{"embeddable":true,"href":"https:\/\/www.anamt.org.br\/portal\/wp-json\/wp\/v2\/media\/47996"}],"wp:attachment":[{"href":"https:\/\/www.anamt.org.br\/portal\/wp-json\/wp\/v2\/media?parent=48532"}],"wp:term":[{"taxonomy":"category","embeddable":true,"href":"https:\/\/www.anamt.org.br\/portal\/wp-json\/wp\/v2\/categories?post=48532"},{"taxonomy":"post_tag","embeddable":true,"href":"https:\/\/www.anamt.org.br\/portal\/wp-json\/wp\/v2\/tags?post=48532"}],"curies":[{"name":"wp","href":"https:\/\/api.w.org\/{rel}","templated":true}]}}