{"id":48523,"date":"2023-11-13T08:36:21","date_gmt":"2023-11-13T11:36:21","guid":{"rendered":"https:\/\/www.anamt.org.br\/portal\/?p=48523"},"modified":"2023-11-13T08:36:21","modified_gmt":"2023-11-13T11:36:21","slug":"mte-abre-consulta-publica-para-revisao-do-capitulo-de-gerenciamento-de-riscos-da-nr-1","status":"publish","type":"post","link":"https:\/\/www.anamt.org.br\/portal\/2023\/11\/13\/mte-abre-consulta-publica-para-revisao-do-capitulo-de-gerenciamento-de-riscos-da-nr-1\/","title":{"rendered":"MTE abre consulta p\u00fablica para revis\u00e3o do cap\u00edtulo de gerenciamento de riscos da NR 1"},"content":{"rendered":"<p>O Minist\u00e9rio do Trabalho e Emprego (MTE) acaba de publicar no DOU (Di\u00e1rio Oficial da Uni\u00e3o) Aviso de Consulta P\u00fablica para proposta de novo texto do cap\u00edtulo 1.5 Gerenciamento de Riscos Ocupacionais da Norma Regulamentadora n\u00ba 1. A participa\u00e7\u00e3o p\u00fablica est\u00e1 dispon\u00edvel <a href=\"https:\/\/www.gov.br\/participamaisbrasil\/norma-regulamentadora-n-01-capitulo-gerenciamento-de-riscos-ocupacionais\" target=\"_blank\" rel=\"noopener\">neste link<\/a>\u00a0e deve ser feita at\u00e9 4 de dezembro.<\/p>\n<p>Apesar da recente revis\u00e3o da NR 1, essa discuss\u00e3o \u00e9 importante porque verificou-se a exist\u00eancia de problemas relacionados \u00e0 sua implementa\u00e7\u00e3o. De acordo com o diretor do Departamento de SST da SIT, Henrique Mandagar\u00e1, foram observados principalmente problemas de identifica\u00e7\u00e3o dos riscos ocupacionais, sobretudo na avalia\u00e7\u00e3o e no detalhamento. \u201cForam observa\u00e7\u00f5es comuns entre os trabalhadores, empregadores e governo. Vamos fechar o texto ao final da consulta e levar \u00e0 CTPP (Comiss\u00e3o Tripartite Parit\u00e1ria Permanente)\u201d, diz Mandagar\u00e1.<\/p>\n<p>Ap\u00f3s este prazo as contribui\u00e7\u00f5es ser\u00e3o analisadas pela SIT (Secretaria de Inspe\u00e7\u00e3o do Trabalho), que vai elaborar a proposta de texto a ser encaminhada ao grupo tripartite, formado por representantes do governo, trabalhadores e empregadores para aprova\u00e7\u00e3o. D\u00favidas podem ser esclarecidas pelo email normatizacao.sit@economia.gov.br.<\/p>\n<p><em>Fonte: Revista Prote\u00e7\u00e3o<\/em><\/p>\n","protected":false},"excerpt":{"rendered":"<p>O Minist\u00e9rio do Trabalho e Emprego (MTE) acaba de publicar no DOU (Di\u00e1rio Oficial da Uni\u00e3o) Aviso de Consulta P\u00fablica para proposta de novo texto do cap\u00edtulo 1.5 Gerenciamento de Riscos Ocupacionais da Norma Regulamentadora n\u00ba 1. A participa\u00e7\u00e3o p\u00fablica est\u00e1 dispon\u00edvel neste link\u00a0e deve ser feita at\u00e9 4 de dezembro. Apesar da recente revis\u00e3o [&hellip;]<\/p>\n","protected":false},"author":5,"featured_media":31643,"comment_status":"closed","ping_status":"closed","sticky":false,"template":"","format":"standard","meta":{"footnotes":""},"categories":[77,8],"tags":[],"_links":{"self":[{"href":"https:\/\/www.anamt.org.br\/portal\/wp-json\/wp\/v2\/posts\/48523"}],"collection":[{"href":"https:\/\/www.anamt.org.br\/portal\/wp-json\/wp\/v2\/posts"}],"about":[{"href":"https:\/\/www.anamt.org.br\/portal\/wp-json\/wp\/v2\/types\/post"}],"author":[{"embeddable":true,"href":"https:\/\/www.anamt.org.br\/portal\/wp-json\/wp\/v2\/users\/5"}],"replies":[{"embeddable":true,"href":"https:\/\/www.anamt.org.br\/portal\/wp-json\/wp\/v2\/comments?post=48523"}],"version-history":[{"count":1,"href":"https:\/\/www.anamt.org.br\/portal\/wp-json\/wp\/v2\/posts\/48523\/revisions"}],"predecessor-version":[{"id":48524,"href":"https:\/\/www.anamt.org.br\/portal\/wp-json\/wp\/v2\/posts\/48523\/revisions\/48524"}],"wp:featuredmedia":[{"embeddable":true,"href":"https:\/\/www.anamt.org.br\/portal\/wp-json\/wp\/v2\/media\/31643"}],"wp:attachment":[{"href":"https:\/\/www.anamt.org.br\/portal\/wp-json\/wp\/v2\/media?parent=48523"}],"wp:term":[{"taxonomy":"category","embeddable":true,"href":"https:\/\/www.anamt.org.br\/portal\/wp-json\/wp\/v2\/categories?post=48523"},{"taxonomy":"post_tag","embeddable":true,"href":"https:\/\/www.anamt.org.br\/portal\/wp-json\/wp\/v2\/tags?post=48523"}],"curies":[{"name":"wp","href":"https:\/\/api.w.org\/{rel}","templated":true}]}}