{"id":48474,"date":"2023-10-23T13:06:37","date_gmt":"2023-10-23T16:06:37","guid":{"rendered":"https:\/\/www.anamt.org.br\/portal\/?p=48474"},"modified":"2023-10-23T13:06:37","modified_gmt":"2023-10-23T16:06:37","slug":"webinarios-anamt-nova-edicao-aborda-teletrabalho","status":"publish","type":"post","link":"https:\/\/www.anamt.org.br\/portal\/2023\/10\/23\/webinarios-anamt-nova-edicao-aborda-teletrabalho\/","title":{"rendered":"Webin\u00e1rios ANAMT: nova edi\u00e7\u00e3o aborda Teletrabalho"},"content":{"rendered":"<p>No dia 24 de outubro, a ANAMT realizar\u00e1 uma nova edi\u00e7\u00e3o do Webin\u00e1rios ANAMT, \u00e0s 19h. A transmiss\u00e3o abordar\u00e1 o tema Home Office\/Teletrabalho. Participar\u00e1 Prof. Dr. Ant\u00f3nio Sousa Uva, M\u00e9dico do Trabalho, Imunoalergologista e Professor da Universidade Nova de Lisboa.<\/p>\n<p>A coordena\u00e7\u00e3o ser\u00e1 da diretora cient\u00edfica da ANAMT, Dra. Rosylane Rocha. Na transmiss\u00e3o tamb\u00e9m ser\u00e3o sorteadas quatro inscri\u00e7\u00f5es nos cursos pr\u00e9-congresso do 20\u00ba Congresso Nacional ANAMT, que ser\u00e1 em novembro. Para participar do sorteio, \u00e9 preciso fazer a inscri\u00e7\u00e3o por meio de um formul\u00e1rio de inscri\u00e7\u00e3o que ser\u00e1 disponibilizado na plataforma ANAMT Virtual. O sorteio ser\u00e1 feito durante o webin\u00e1rio e s\u00f3 ser\u00e3o contemplados os sorteados que estiverem online no momento do sorteio.<\/p>\n<p>O acesso \u00e0 ANAMT Virtual \u00e9 um benef\u00edcio exclusivo de todos os associados adimplentes da entidade. Para acompanhar, acesse: <a href=\"http:\/\/anamt.virtual.org.br\" target=\"_blank\" rel=\"noopener\">anamt.virtual.org.br<\/a>.<\/p>\n","protected":false},"excerpt":{"rendered":"<p>No dia 24 de outubro, a ANAMT realizar\u00e1 uma nova edi\u00e7\u00e3o do Webin\u00e1rios ANAMT, \u00e0s 19h. A transmiss\u00e3o abordar\u00e1 o tema Home Office\/Teletrabalho. Participar\u00e1 Prof. Dr. Ant\u00f3nio Sousa Uva, M\u00e9dico do Trabalho, Imunoalergologista e Professor da Universidade Nova de Lisboa. A coordena\u00e7\u00e3o ser\u00e1 da diretora cient\u00edfica da ANAMT, Dra. Rosylane Rocha. Na transmiss\u00e3o tamb\u00e9m ser\u00e3o [&hellip;]<\/p>\n","protected":false},"author":5,"featured_media":48059,"comment_status":"closed","ping_status":"closed","sticky":false,"template":"","format":"standard","meta":{"footnotes":""},"categories":[77],"tags":[],"_links":{"self":[{"href":"https:\/\/www.anamt.org.br\/portal\/wp-json\/wp\/v2\/posts\/48474"}],"collection":[{"href":"https:\/\/www.anamt.org.br\/portal\/wp-json\/wp\/v2\/posts"}],"about":[{"href":"https:\/\/www.anamt.org.br\/portal\/wp-json\/wp\/v2\/types\/post"}],"author":[{"embeddable":true,"href":"https:\/\/www.anamt.org.br\/portal\/wp-json\/wp\/v2\/users\/5"}],"replies":[{"embeddable":true,"href":"https:\/\/www.anamt.org.br\/portal\/wp-json\/wp\/v2\/comments?post=48474"}],"version-history":[{"count":1,"href":"https:\/\/www.anamt.org.br\/portal\/wp-json\/wp\/v2\/posts\/48474\/revisions"}],"predecessor-version":[{"id":48475,"href":"https:\/\/www.anamt.org.br\/portal\/wp-json\/wp\/v2\/posts\/48474\/revisions\/48475"}],"wp:featuredmedia":[{"embeddable":true,"href":"https:\/\/www.anamt.org.br\/portal\/wp-json\/wp\/v2\/media\/48059"}],"wp:attachment":[{"href":"https:\/\/www.anamt.org.br\/portal\/wp-json\/wp\/v2\/media?parent=48474"}],"wp:term":[{"taxonomy":"category","embeddable":true,"href":"https:\/\/www.anamt.org.br\/portal\/wp-json\/wp\/v2\/categories?post=48474"},{"taxonomy":"post_tag","embeddable":true,"href":"https:\/\/www.anamt.org.br\/portal\/wp-json\/wp\/v2\/tags?post=48474"}],"curies":[{"name":"wp","href":"https:\/\/api.w.org\/{rel}","templated":true}]}}