{"id":48396,"date":"2023-09-26T09:20:07","date_gmt":"2023-09-26T12:20:07","guid":{"rendered":"https:\/\/www.anamt.org.br\/portal\/?p=48396"},"modified":"2024-05-16T15:33:18","modified_gmt":"2024-05-16T18:33:18","slug":"simers-realiza-2o-forum-saude","status":"publish","type":"post","link":"https:\/\/www.anamt.org.br\/portal\/2023\/09\/26\/simers-realiza-2o-forum-saude\/","title":{"rendered":"Simers realiza 2\u00ba F\u00f3rum +Sa\u00fade"},"content":{"rendered":"<p>No dias 27 e 28 de outubro, o Sindicato M\u00e9dico do Rio Grande do Sul (Simers) realizar\u00e1 o 2\u00ba F\u00f3rum +Sa\u00fade: Debater a Sa\u00fade e Construir o Futuro no Hotel DeVille Prime, em Porto Alegre (RS). Na ocasi\u00e3o, tamb\u00e9m ser\u00e1 realizado o Encontro de Lideran\u00e7as da Sa\u00fade e o Simp\u00f3sio de Educa\u00e7\u00e3o M\u00e9dica.<\/p>\n<p>Mais informa\u00e7\u00f5es e inscri\u00e7\u00f5es, no <a href=\"https:\/\/simers.org.br\/forum-saude\/#oforum\" target=\"_blank\" rel=\"noopener\">site do evento<\/a>.<\/p>\n","protected":false},"excerpt":{"rendered":"<p>No dias 27 e 28 de outubro, o Sindicato M\u00e9dico do Rio Grande do Sul (Simers) realizar\u00e1 o 2\u00ba F\u00f3rum +Sa\u00fade: Debater a Sa\u00fade e Construir o Futuro no Hotel DeVille Prime, em Porto Alegre (RS). Na ocasi\u00e3o, tamb\u00e9m ser\u00e1 realizado o Encontro de Lideran\u00e7as da Sa\u00fade e o Simp\u00f3sio de Educa\u00e7\u00e3o M\u00e9dica. Mais informa\u00e7\u00f5es [&hellip;]<\/p>\n","protected":false},"author":5,"featured_media":48397,"comment_status":"closed","ping_status":"closed","sticky":false,"template":"","format":"standard","meta":{"footnotes":""},"categories":[78,190,77,8],"tags":[],"_links":{"self":[{"href":"https:\/\/www.anamt.org.br\/portal\/wp-json\/wp\/v2\/posts\/48396"}],"collection":[{"href":"https:\/\/www.anamt.org.br\/portal\/wp-json\/wp\/v2\/posts"}],"about":[{"href":"https:\/\/www.anamt.org.br\/portal\/wp-json\/wp\/v2\/types\/post"}],"author":[{"embeddable":true,"href":"https:\/\/www.anamt.org.br\/portal\/wp-json\/wp\/v2\/users\/5"}],"replies":[{"embeddable":true,"href":"https:\/\/www.anamt.org.br\/portal\/wp-json\/wp\/v2\/comments?post=48396"}],"version-history":[{"count":1,"href":"https:\/\/www.anamt.org.br\/portal\/wp-json\/wp\/v2\/posts\/48396\/revisions"}],"predecessor-version":[{"id":48398,"href":"https:\/\/www.anamt.org.br\/portal\/wp-json\/wp\/v2\/posts\/48396\/revisions\/48398"}],"wp:featuredmedia":[{"embeddable":true,"href":"https:\/\/www.anamt.org.br\/portal\/wp-json\/wp\/v2\/media\/48397"}],"wp:attachment":[{"href":"https:\/\/www.anamt.org.br\/portal\/wp-json\/wp\/v2\/media?parent=48396"}],"wp:term":[{"taxonomy":"category","embeddable":true,"href":"https:\/\/www.anamt.org.br\/portal\/wp-json\/wp\/v2\/categories?post=48396"},{"taxonomy":"post_tag","embeddable":true,"href":"https:\/\/www.anamt.org.br\/portal\/wp-json\/wp\/v2\/tags?post=48396"}],"curies":[{"name":"wp","href":"https:\/\/api.w.org\/{rel}","templated":true}]}}