{"id":48389,"date":"2023-09-20T08:09:43","date_gmt":"2023-09-20T11:09:43","guid":{"rendered":"https:\/\/www.anamt.org.br\/portal\/?p=48389"},"modified":"2023-09-20T08:09:43","modified_gmt":"2023-09-20T11:09:43","slug":"anamt-participa-do-x-forum-de-medicina-do-trabalho-do-cfm","status":"publish","type":"post","link":"https:\/\/www.anamt.org.br\/portal\/2023\/09\/20\/anamt-participa-do-x-forum-de-medicina-do-trabalho-do-cfm\/","title":{"rendered":"ANAMT participa do X F\u00f3rum de Medicina do Trabalho do CFM"},"content":{"rendered":"<p><img decoding=\"async\" class=\"aligncenter wp-image-48391 size-fusion-600\" src=\"https:\/\/www.anamt.org.br\/portal\/wp-content\/uploads\/2023\/09\/WhatsApp-Image-2023-09-19-at-18.32.20-600x342.jpeg\" alt=\"\" width=\"600\" height=\"342\" srcset=\"https:\/\/www.anamt.org.br\/portal\/wp-content\/uploads\/2023\/09\/WhatsApp-Image-2023-09-19-at-18.32.20-200x114.jpeg 200w, https:\/\/www.anamt.org.br\/portal\/wp-content\/uploads\/2023\/09\/WhatsApp-Image-2023-09-19-at-18.32.20-300x171.jpeg 300w, https:\/\/www.anamt.org.br\/portal\/wp-content\/uploads\/2023\/09\/WhatsApp-Image-2023-09-19-at-18.32.20-400x228.jpeg 400w, https:\/\/www.anamt.org.br\/portal\/wp-content\/uploads\/2023\/09\/WhatsApp-Image-2023-09-19-at-18.32.20-600x342.jpeg 600w, https:\/\/www.anamt.org.br\/portal\/wp-content\/uploads\/2023\/09\/WhatsApp-Image-2023-09-19-at-18.32.20-768x437.jpeg 768w, https:\/\/www.anamt.org.br\/portal\/wp-content\/uploads\/2023\/09\/WhatsApp-Image-2023-09-19-at-18.32.20-800x456.jpeg 800w, https:\/\/www.anamt.org.br\/portal\/wp-content\/uploads\/2023\/09\/WhatsApp-Image-2023-09-19-at-18.32.20-1024x583.jpeg 1024w, https:\/\/www.anamt.org.br\/portal\/wp-content\/uploads\/2023\/09\/WhatsApp-Image-2023-09-19-at-18.32.20-1200x683.jpeg 1200w, https:\/\/www.anamt.org.br\/portal\/wp-content\/uploads\/2023\/09\/WhatsApp-Image-2023-09-19-at-18.32.20-1536x875.jpeg 1536w, https:\/\/www.anamt.org.br\/portal\/wp-content\/uploads\/2023\/09\/WhatsApp-Image-2023-09-19-at-18.32.20.jpeg 1600w\" sizes=\"(max-width: 600px) 100vw, 600px\" \/><\/p>\n<p>A ANAMT participou nesta ter\u00e7a (19) do X F\u00f3rum de Medicina do Trabalho do Conselho Federal de Medicina (CFM). O evento teve como tema central Sa\u00fade Mental e as Novas Formas de Trabalho.<\/p>\n<p>Participaram do F\u00f3rum o presidente da ANAMT, Dr. Francisco Cortes Fernandes, a diretora cient\u00edfica da entidade, Dra. Rosylane Rocha, o diretor de Rela\u00e7\u00f5es Internacionais, Dr. Ricardo Turenko, e a diretora de \u00c9tica e Defesa Profissional, Dra. Simone Assalie.<\/p>\n<p>Dr. Francisco e Dra. Rosylane relizaram a abertura do evento, juntamente com Dr. Jos\u00e9 Hiran Gallo, presidente do CFM. A diretora cient\u00edfica ainda apresentou a confer\u00eancia de abertura. Dra. Simone tamb\u00e9m participou como uma das palestrantes do painel sobre Ambiente de Trabalho e Dr. Francisco Fernandes encerrou o evento com a confer\u00eancia Novos Desafios Enfrentados Pela Especialidade.<\/p>\n<p>A transmiss\u00e3o do evento pode ser vista abaixo:<\/p>\n<div class=\"video-shortcode\"><iframe title=\"X F\u00f3rum de Medicina do Trabalho do CFM\" width=\"1500\" height=\"844\" src=\"https:\/\/www.youtube.com\/embed\/q2Jax1LnQ2w?feature=oembed\" frameborder=\"0\" allow=\"accelerometer; autoplay; clipboard-write; encrypted-media; gyroscope; picture-in-picture; web-share\" allowfullscreen><\/iframe><\/div>\n","protected":false},"excerpt":{"rendered":"<p>A ANAMT participou nesta ter\u00e7a (19) do X F\u00f3rum de Medicina do Trabalho do Conselho Federal de Medicina (CFM). O evento teve como tema central Sa\u00fade Mental e as Novas Formas de Trabalho. Participaram do F\u00f3rum o presidente da ANAMT, Dr. Francisco Cortes Fernandes, a diretora cient\u00edfica da entidade, Dra. Rosylane Rocha, o diretor de [&hellip;]<\/p>\n","protected":false},"author":5,"featured_media":48390,"comment_status":"closed","ping_status":"closed","sticky":false,"template":"","format":"standard","meta":{"footnotes":""},"categories":[77,8],"tags":[],"_links":{"self":[{"href":"https:\/\/www.anamt.org.br\/portal\/wp-json\/wp\/v2\/posts\/48389"}],"collection":[{"href":"https:\/\/www.anamt.org.br\/portal\/wp-json\/wp\/v2\/posts"}],"about":[{"href":"https:\/\/www.anamt.org.br\/portal\/wp-json\/wp\/v2\/types\/post"}],"author":[{"embeddable":true,"href":"https:\/\/www.anamt.org.br\/portal\/wp-json\/wp\/v2\/users\/5"}],"replies":[{"embeddable":true,"href":"https:\/\/www.anamt.org.br\/portal\/wp-json\/wp\/v2\/comments?post=48389"}],"version-history":[{"count":1,"href":"https:\/\/www.anamt.org.br\/portal\/wp-json\/wp\/v2\/posts\/48389\/revisions"}],"predecessor-version":[{"id":48392,"href":"https:\/\/www.anamt.org.br\/portal\/wp-json\/wp\/v2\/posts\/48389\/revisions\/48392"}],"wp:featuredmedia":[{"embeddable":true,"href":"https:\/\/www.anamt.org.br\/portal\/wp-json\/wp\/v2\/media\/48390"}],"wp:attachment":[{"href":"https:\/\/www.anamt.org.br\/portal\/wp-json\/wp\/v2\/media?parent=48389"}],"wp:term":[{"taxonomy":"category","embeddable":true,"href":"https:\/\/www.anamt.org.br\/portal\/wp-json\/wp\/v2\/categories?post=48389"},{"taxonomy":"post_tag","embeddable":true,"href":"https:\/\/www.anamt.org.br\/portal\/wp-json\/wp\/v2\/tags?post=48389"}],"curies":[{"name":"wp","href":"https:\/\/api.w.org\/{rel}","templated":true}]}}