{"id":48384,"date":"2023-09-18T15:55:30","date_gmt":"2023-09-18T18:55:30","guid":{"rendered":"https:\/\/www.anamt.org.br\/portal\/?p=48384"},"modified":"2023-09-18T15:55:30","modified_gmt":"2023-09-18T18:55:30","slug":"18-de-setembro-dia-mundial-da-etica-medica","status":"publish","type":"post","link":"https:\/\/www.anamt.org.br\/portal\/2023\/09\/18\/18-de-setembro-dia-mundial-da-etica-medica\/","title":{"rendered":"18 de setembro &#8211; Dia Mundial da \u00c9tica M\u00e9dica"},"content":{"rendered":"<p>No dia 18 de setembro de 1947, a Assembleia da Associa\u00e7\u00e3o M\u00e9dica Mundial (AMM) realizou em Helsinque, na Finl\u00e2ndia, uma reuni\u00e3o voltada para a cria\u00e7\u00e3o de um consenso mundial sobre \u00e9tica na conduta m\u00e9dica, al\u00e9m das legisla\u00e7\u00f5es da \u00e1rea. Nesta data, foi estabelecido o Dia Mundial da \u00c9tica M\u00e9dica, cujo objetivo \u00e9 conscientizar os m\u00e9dicos sobre a conduta na profiss\u00e3o.<\/p>\n<p>Nesta data, a ANAMT reitera a import\u00e2ncia da conduta \u00e9tica na Medicina, fundamental para o atendimento correto dos pacientes e um exerc\u00edcio di\u00e1rio necess\u00e1ro para todos os m\u00e9dicos.<\/p>\n","protected":false},"excerpt":{"rendered":"<p>No dia 18 de setembro de 1947, a Assembleia da Associa\u00e7\u00e3o M\u00e9dica Mundial (AMM) realizou em Helsinque, na Finl\u00e2ndia, uma reuni\u00e3o voltada para a cria\u00e7\u00e3o de um consenso mundial sobre \u00e9tica na conduta m\u00e9dica, al\u00e9m das legisla\u00e7\u00f5es da \u00e1rea. Nesta data, foi estabelecido o Dia Mundial da \u00c9tica M\u00e9dica, cujo objetivo \u00e9 conscientizar os m\u00e9dicos [&hellip;]<\/p>\n","protected":false},"author":5,"featured_media":48293,"comment_status":"closed","ping_status":"closed","sticky":false,"template":"","format":"standard","meta":{"footnotes":""},"categories":[77,8],"tags":[],"_links":{"self":[{"href":"https:\/\/www.anamt.org.br\/portal\/wp-json\/wp\/v2\/posts\/48384"}],"collection":[{"href":"https:\/\/www.anamt.org.br\/portal\/wp-json\/wp\/v2\/posts"}],"about":[{"href":"https:\/\/www.anamt.org.br\/portal\/wp-json\/wp\/v2\/types\/post"}],"author":[{"embeddable":true,"href":"https:\/\/www.anamt.org.br\/portal\/wp-json\/wp\/v2\/users\/5"}],"replies":[{"embeddable":true,"href":"https:\/\/www.anamt.org.br\/portal\/wp-json\/wp\/v2\/comments?post=48384"}],"version-history":[{"count":1,"href":"https:\/\/www.anamt.org.br\/portal\/wp-json\/wp\/v2\/posts\/48384\/revisions"}],"predecessor-version":[{"id":48385,"href":"https:\/\/www.anamt.org.br\/portal\/wp-json\/wp\/v2\/posts\/48384\/revisions\/48385"}],"wp:featuredmedia":[{"embeddable":true,"href":"https:\/\/www.anamt.org.br\/portal\/wp-json\/wp\/v2\/media\/48293"}],"wp:attachment":[{"href":"https:\/\/www.anamt.org.br\/portal\/wp-json\/wp\/v2\/media?parent=48384"}],"wp:term":[{"taxonomy":"category","embeddable":true,"href":"https:\/\/www.anamt.org.br\/portal\/wp-json\/wp\/v2\/categories?post=48384"},{"taxonomy":"post_tag","embeddable":true,"href":"https:\/\/www.anamt.org.br\/portal\/wp-json\/wp\/v2\/tags?post=48384"}],"curies":[{"name":"wp","href":"https:\/\/api.w.org\/{rel}","templated":true}]}}