{"id":48354,"date":"2023-09-06T16:38:32","date_gmt":"2023-09-06T19:38:32","guid":{"rendered":"https:\/\/www.anamt.org.br\/portal\/?p=48354"},"modified":"2023-09-11T12:43:54","modified_gmt":"2023-09-11T15:43:54","slug":"prova-de-titulo-anamt-realiza-webinario-para-tirar-duvidas-sobre-o-edital","status":"publish","type":"post","link":"https:\/\/www.anamt.org.br\/portal\/2023\/09\/06\/prova-de-titulo-anamt-realiza-webinario-para-tirar-duvidas-sobre-o-edital\/","title":{"rendered":"Prova de T\u00edtulo: ANAMT realiza webin\u00e1rio para tirar d\u00favidas sobre o edital"},"content":{"rendered":"<p><img decoding=\"async\" class=\"aligncenter wp-image-48359 size-fusion-600\" src=\"https:\/\/www.anamt.org.br\/portal\/wp-content\/uploads\/2023\/09\/WhatsApp-Image-2023-09-06-at-16.16.01-600x600.jpeg\" alt=\"\" width=\"600\" height=\"600\" srcset=\"https:\/\/www.anamt.org.br\/portal\/wp-content\/uploads\/2023\/09\/WhatsApp-Image-2023-09-06-at-16.16.01-66x66.jpeg 66w, https:\/\/www.anamt.org.br\/portal\/wp-content\/uploads\/2023\/09\/WhatsApp-Image-2023-09-06-at-16.16.01-150x150.jpeg 150w, https:\/\/www.anamt.org.br\/portal\/wp-content\/uploads\/2023\/09\/WhatsApp-Image-2023-09-06-at-16.16.01-200x200.jpeg 200w, https:\/\/www.anamt.org.br\/portal\/wp-content\/uploads\/2023\/09\/WhatsApp-Image-2023-09-06-at-16.16.01-300x300.jpeg 300w, https:\/\/www.anamt.org.br\/portal\/wp-content\/uploads\/2023\/09\/WhatsApp-Image-2023-09-06-at-16.16.01-400x400.jpeg 400w, https:\/\/www.anamt.org.br\/portal\/wp-content\/uploads\/2023\/09\/WhatsApp-Image-2023-09-06-at-16.16.01-600x600.jpeg 600w, https:\/\/www.anamt.org.br\/portal\/wp-content\/uploads\/2023\/09\/WhatsApp-Image-2023-09-06-at-16.16.01-768x768.jpeg 768w, https:\/\/www.anamt.org.br\/portal\/wp-content\/uploads\/2023\/09\/WhatsApp-Image-2023-09-06-at-16.16.01-800x800.jpeg 800w, https:\/\/www.anamt.org.br\/portal\/wp-content\/uploads\/2023\/09\/WhatsApp-Image-2023-09-06-at-16.16.01-1024x1024.jpeg 1024w, https:\/\/www.anamt.org.br\/portal\/wp-content\/uploads\/2023\/09\/WhatsApp-Image-2023-09-06-at-16.16.01.jpeg 1080w\" sizes=\"(max-width: 600px) 100vw, 600px\" \/><\/p>\n<p>A ANAMT realiza na segunda-feira, 11 de setembro, \u00e0s 20h, um webin\u00e1rio de tira d\u00favidas sobre o edital da 52\u00aa Prova de T\u00edtulo de Especialista em Medicina do Trabalho. Participar\u00e3o da live Dra. Marilurdes Barros, diretora de T\u00edtulo de Especialista da ANAMT, e Dr. Alberthy Ogliari, assessor jur\u00eddico da Associa\u00e7\u00e3o.<\/p>\n<p>A transmiss\u00e3o ser\u00e1 aberta e na plataforma Zoom <a href=\"https:\/\/us06web.zoom.us\/j\/85910315055?pwd=N1NwT2l2RVN5L1lkQ3JiWWkvS0dOUT09\" target=\"_blank\" rel=\"noopener\"><strong>por este link<\/strong><\/a>.<\/p>\n","protected":false},"excerpt":{"rendered":"<p>A ANAMT realiza na segunda-feira, 11 de setembro, \u00e0s 20h, um webin\u00e1rio de tira d\u00favidas sobre o edital da 52\u00aa Prova de T\u00edtulo de Especialista em Medicina do Trabalho. Participar\u00e3o da live Dra. Marilurdes Barros, diretora de T\u00edtulo de Especialista da ANAMT, e Dr. Alberthy Ogliari, assessor jur\u00eddico da Associa\u00e7\u00e3o. A transmiss\u00e3o ser\u00e1 aberta e [&hellip;]<\/p>\n","protected":false},"author":5,"featured_media":48293,"comment_status":"closed","ping_status":"closed","sticky":false,"template":"","format":"standard","meta":{"footnotes":""},"categories":[77],"tags":[],"_links":{"self":[{"href":"https:\/\/www.anamt.org.br\/portal\/wp-json\/wp\/v2\/posts\/48354"}],"collection":[{"href":"https:\/\/www.anamt.org.br\/portal\/wp-json\/wp\/v2\/posts"}],"about":[{"href":"https:\/\/www.anamt.org.br\/portal\/wp-json\/wp\/v2\/types\/post"}],"author":[{"embeddable":true,"href":"https:\/\/www.anamt.org.br\/portal\/wp-json\/wp\/v2\/users\/5"}],"replies":[{"embeddable":true,"href":"https:\/\/www.anamt.org.br\/portal\/wp-json\/wp\/v2\/comments?post=48354"}],"version-history":[{"count":3,"href":"https:\/\/www.anamt.org.br\/portal\/wp-json\/wp\/v2\/posts\/48354\/revisions"}],"predecessor-version":[{"id":48370,"href":"https:\/\/www.anamt.org.br\/portal\/wp-json\/wp\/v2\/posts\/48354\/revisions\/48370"}],"wp:featuredmedia":[{"embeddable":true,"href":"https:\/\/www.anamt.org.br\/portal\/wp-json\/wp\/v2\/media\/48293"}],"wp:attachment":[{"href":"https:\/\/www.anamt.org.br\/portal\/wp-json\/wp\/v2\/media?parent=48354"}],"wp:term":[{"taxonomy":"category","embeddable":true,"href":"https:\/\/www.anamt.org.br\/portal\/wp-json\/wp\/v2\/categories?post=48354"},{"taxonomy":"post_tag","embeddable":true,"href":"https:\/\/www.anamt.org.br\/portal\/wp-json\/wp\/v2\/tags?post=48354"}],"curies":[{"name":"wp","href":"https:\/\/api.w.org\/{rel}","templated":true}]}}