{"id":48338,"date":"2023-09-01T15:24:14","date_gmt":"2023-09-01T18:24:14","guid":{"rendered":"https:\/\/www.anamt.org.br\/portal\/?p=48338"},"modified":"2024-05-16T15:34:15","modified_gmt":"2024-05-16T18:34:15","slug":"apamt-realiza-curso-de-atualizacao-para-o-medico-do-trabalho","status":"publish","type":"post","link":"https:\/\/www.anamt.org.br\/portal\/2023\/09\/01\/apamt-realiza-curso-de-atualizacao-para-o-medico-do-trabalho\/","title":{"rendered":"APAMT realiza Curso de Atualiza\u00e7\u00e3o para o M\u00e9dico do Trabalho"},"content":{"rendered":"<p>A Associa\u00e7\u00e3o Paranaense de Medicina do Trabalho (APAMT) realizar\u00e1, nos dias 22 e 23 de setembro, o Curso de Atualiza\u00e7\u00e3o para o M\u00e9dico do Trabalho, que abordar\u00e1 dois temas: Doen\u00e7as Cardiovasculares: Avalia\u00e7\u00e3o da Capacidade Laborativa e PCD: Caracteriza\u00e7\u00e3o e Enquadramento.<\/p>\n<p>A atividade ser\u00e1 online, com pontua\u00e7\u00e3o de dois pontos na Prova de T\u00edtulo de Especialista em Medicina do Trabalho da ANAMT.<\/p>\n<p>Mais informa\u00e7\u00f5es sobre as inscri\u00e7\u00f5es, que est\u00e3o dispon\u00edveis at\u00e9 o dia 19 de setembro, podem ser consultadas <a href=\"https:\/\/www.eventosapamt.org.br\/evento.php?evento=17\" target=\"_blank\" rel=\"noopener\"><strong>aqui<\/strong><\/a>.<\/p>\n<p><img decoding=\"async\" class=\"aligncenter wp-image-48340 size-full\" src=\"https:\/\/www.anamt.org.br\/portal\/wp-content\/uploads\/2023\/09\/cursoapamt.jpg\" alt=\"\" width=\"540\" height=\"539\" srcset=\"https:\/\/www.anamt.org.br\/portal\/wp-content\/uploads\/2023\/09\/cursoapamt-66x66.jpg 66w, https:\/\/www.anamt.org.br\/portal\/wp-content\/uploads\/2023\/09\/cursoapamt-150x150.jpg 150w, https:\/\/www.anamt.org.br\/portal\/wp-content\/uploads\/2023\/09\/cursoapamt-200x200.jpg 200w, https:\/\/www.anamt.org.br\/portal\/wp-content\/uploads\/2023\/09\/cursoapamt-300x300.jpg 300w, https:\/\/www.anamt.org.br\/portal\/wp-content\/uploads\/2023\/09\/cursoapamt-400x399.jpg 400w, https:\/\/www.anamt.org.br\/portal\/wp-content\/uploads\/2023\/09\/cursoapamt.jpg 540w\" sizes=\"(max-width: 540px) 100vw, 540px\" \/><\/p>\n","protected":false},"excerpt":{"rendered":"<p>A Associa\u00e7\u00e3o Paranaense de Medicina do Trabalho (APAMT) realizar\u00e1, nos dias 22 e 23 de setembro, o Curso de Atualiza\u00e7\u00e3o para o M\u00e9dico do Trabalho, que abordar\u00e1 dois temas: Doen\u00e7as Cardiovasculares: Avalia\u00e7\u00e3o da Capacidade Laborativa e PCD: Caracteriza\u00e7\u00e3o e Enquadramento. A atividade ser\u00e1 online, com pontua\u00e7\u00e3o de dois pontos na Prova de T\u00edtulo de Especialista [&hellip;]<\/p>\n","protected":false},"author":5,"featured_media":48339,"comment_status":"closed","ping_status":"closed","sticky":false,"template":"","format":"standard","meta":{"footnotes":""},"categories":[78,217,77],"tags":[],"_links":{"self":[{"href":"https:\/\/www.anamt.org.br\/portal\/wp-json\/wp\/v2\/posts\/48338"}],"collection":[{"href":"https:\/\/www.anamt.org.br\/portal\/wp-json\/wp\/v2\/posts"}],"about":[{"href":"https:\/\/www.anamt.org.br\/portal\/wp-json\/wp\/v2\/types\/post"}],"author":[{"embeddable":true,"href":"https:\/\/www.anamt.org.br\/portal\/wp-json\/wp\/v2\/users\/5"}],"replies":[{"embeddable":true,"href":"https:\/\/www.anamt.org.br\/portal\/wp-json\/wp\/v2\/comments?post=48338"}],"version-history":[{"count":1,"href":"https:\/\/www.anamt.org.br\/portal\/wp-json\/wp\/v2\/posts\/48338\/revisions"}],"predecessor-version":[{"id":48341,"href":"https:\/\/www.anamt.org.br\/portal\/wp-json\/wp\/v2\/posts\/48338\/revisions\/48341"}],"wp:featuredmedia":[{"embeddable":true,"href":"https:\/\/www.anamt.org.br\/portal\/wp-json\/wp\/v2\/media\/48339"}],"wp:attachment":[{"href":"https:\/\/www.anamt.org.br\/portal\/wp-json\/wp\/v2\/media?parent=48338"}],"wp:term":[{"taxonomy":"category","embeddable":true,"href":"https:\/\/www.anamt.org.br\/portal\/wp-json\/wp\/v2\/categories?post=48338"},{"taxonomy":"post_tag","embeddable":true,"href":"https:\/\/www.anamt.org.br\/portal\/wp-json\/wp\/v2\/tags?post=48338"}],"curies":[{"name":"wp","href":"https:\/\/api.w.org\/{rel}","templated":true}]}}