{"id":48296,"date":"2023-08-28T08:15:06","date_gmt":"2023-08-28T11:15:06","guid":{"rendered":"https:\/\/www.anamt.org.br\/portal\/?p=48296"},"modified":"2023-08-28T08:15:06","modified_gmt":"2023-08-28T11:15:06","slug":"nota-de-pesar-dra-janes-beverli-hermes-maeso-montes","status":"publish","type":"post","link":"https:\/\/www.anamt.org.br\/portal\/2023\/08\/28\/nota-de-pesar-dra-janes-beverli-hermes-maeso-montes\/","title":{"rendered":"Nota de pesar &#8211; Dra. Janes Beverli Hermes Maeso Montes"},"content":{"rendered":"<p><img decoding=\"async\" class=\" wp-image-48299 alignleft\" src=\"https:\/\/www.anamt.org.br\/portal\/wp-content\/uploads\/2023\/08\/drajane-1-199x300.png\" alt=\"\" width=\"184\" height=\"277\" srcset=\"https:\/\/www.anamt.org.br\/portal\/wp-content\/uploads\/2023\/08\/drajane-1-199x300.png 199w, https:\/\/www.anamt.org.br\/portal\/wp-content\/uploads\/2023\/08\/drajane-1-200x302.png 200w, https:\/\/www.anamt.org.br\/portal\/wp-content\/uploads\/2023\/08\/drajane-1.png 260w\" sizes=\"(max-width: 184px) 100vw, 184px\" \/>A ANAMT comunica, com pesar, o falecimento de Dra. Janes Beverli Hermes Maeso Montes. A Associa\u00e7\u00e3o manifesta suas condol\u00eancias e se solidariza com amigos parentes e colegas de Dra. Jane nesse momento dif\u00edcil.<\/p>\n","protected":false},"excerpt":{"rendered":"<p>A ANAMT comunica, com pesar, o falecimento de Dra. Janes Beverli Hermes Maeso Montes. A Associa\u00e7\u00e3o manifesta suas condol\u00eancias e se solidariza com amigos parentes e colegas de Dra. Jane nesse momento dif\u00edcil.<\/p>\n","protected":false},"author":5,"featured_media":48298,"comment_status":"closed","ping_status":"closed","sticky":false,"template":"","format":"standard","meta":{"footnotes":""},"categories":[77],"tags":[],"_links":{"self":[{"href":"https:\/\/www.anamt.org.br\/portal\/wp-json\/wp\/v2\/posts\/48296"}],"collection":[{"href":"https:\/\/www.anamt.org.br\/portal\/wp-json\/wp\/v2\/posts"}],"about":[{"href":"https:\/\/www.anamt.org.br\/portal\/wp-json\/wp\/v2\/types\/post"}],"author":[{"embeddable":true,"href":"https:\/\/www.anamt.org.br\/portal\/wp-json\/wp\/v2\/users\/5"}],"replies":[{"embeddable":true,"href":"https:\/\/www.anamt.org.br\/portal\/wp-json\/wp\/v2\/comments?post=48296"}],"version-history":[{"count":1,"href":"https:\/\/www.anamt.org.br\/portal\/wp-json\/wp\/v2\/posts\/48296\/revisions"}],"predecessor-version":[{"id":48300,"href":"https:\/\/www.anamt.org.br\/portal\/wp-json\/wp\/v2\/posts\/48296\/revisions\/48300"}],"wp:featuredmedia":[{"embeddable":true,"href":"https:\/\/www.anamt.org.br\/portal\/wp-json\/wp\/v2\/media\/48298"}],"wp:attachment":[{"href":"https:\/\/www.anamt.org.br\/portal\/wp-json\/wp\/v2\/media?parent=48296"}],"wp:term":[{"taxonomy":"category","embeddable":true,"href":"https:\/\/www.anamt.org.br\/portal\/wp-json\/wp\/v2\/categories?post=48296"},{"taxonomy":"post_tag","embeddable":true,"href":"https:\/\/www.anamt.org.br\/portal\/wp-json\/wp\/v2\/tags?post=48296"}],"curies":[{"name":"wp","href":"https:\/\/api.w.org\/{rel}","templated":true}]}}